{"id":32451,"date":"2021-09-26T09:41:23","date_gmt":"2021-09-26T14:41:23","guid":{"rendered":"http:\/\/www.zonaroja.com.mx\/?p=32451"},"modified":"2021-09-25T21:45:51","modified_gmt":"2021-09-26T02:45:51","slug":"piden-a-organos-autonomos-participar-en-el-diseno-del-presupuesto-2022","status":"publish","type":"post","link":"https:\/\/zonaroja.com.mx\/?p=32451","title":{"rendered":"Piden a \u00f3rganos aut\u00f3nomos participar en el dise\u00f1o del presupuesto 2022"},"content":{"rendered":"\n<p>Evlin Arag\u00f3n\/Zona Roja.<\/p>\n\n\n\n<p>Oaxaca de Ju\u00e1rez, Oax., 26 de septiembre de 2021.- El diputado local por Morena, C\u00e9sar Morales Ni\u00f1o, present\u00f3 en la 64 Legislatura un exhorto dirigido al Poder Judicial y a los \u00f3rganos aut\u00f3nomos para que participen conjuntamente con la Secretar\u00eda de Finanzas en el dise\u00f1o de la propuesta de presupuesto de egresos para el ejercicio fiscal 2022.<\/p>\n\n\n\n<p>Lo anterior desde la etapa de la construcci\u00f3n de la estructura program\u00e1tica, en t\u00e9rminos de la Ley Estatal de Presupuesto y Responsabilidad Hacendaria, a fin de conformar un presupuesto que incluya el fortalecimiento y empoderamiento del Poder Judicial y los \u00f3rganos aut\u00f3nomos, que deben ser m\u00e1s eficaces, eficientes y modernos.&nbsp;<\/p>\n\n\n\n<p>El legislador record\u00f3 que, durante los tres a\u00f1os de la Legislatura, la experiencia ha sido que dichas instituciones acuden en el mes de diciembre ante el Congreso a cabildear la incorporaci\u00f3n de sus proyectos o solicitar mayores recursos, sin contar con el soporte legal y estructural que la ley establece.&nbsp;<\/p>\n\n\n\n<p>Por ello y con la intenci\u00f3n de que sus propuestas no sean desechadas, asegur\u00f3 que es necesario modificar dicha pr\u00e1ctica, ya que el momento adecuado para hacer incorporaciones al presupuesto es justo en este mes de septiembre.&nbsp;<\/p>\n\n\n\n<p>\u201cJusto en esta etapa los \u00f3rganos ejecutores del gasto pueden hacer llegar a la Secretar\u00eda de Finanzas sus previsiones para puedan ser consideradas en el dise\u00f1o del proyecto del Presupuesto de egresos\u201d, enunci\u00f3 como parte de su exhorto.&nbsp;&nbsp;&nbsp;&nbsp;&nbsp;&nbsp;&nbsp;<\/p>\n\n\n\n<p>Morales Ni\u00f1o detall\u00f3 que el art\u00edculo 37 fracci\u00f3n I, de la Ley Estatal de Presupuesto y Responsabilidad Hacendaria, dispone que: El Ejecutivo Estatal, por conducto de la Secretar\u00eda de Finanzas, remitir\u00e1 al Congreso del Estado, a m\u00e1s tardar el 31 de agosto de cada a\u00f1o, la Estructura program\u00e1tica a emplear en el proyecto de Presupuesto de Egresos.<\/p>\n\n\n\n<p>Posterior a esa etapa, el Ejecutivo Estatal remitir\u00e1 al Congreso del Estado, a m\u00e1s tardar el 17 de noviembre de cada a\u00f1o el Presupuesto de Egresos, as\u00ed como las iniciativas relacionadas con la programaci\u00f3n, presupuesto y el ejercicio del gasto, mismas que deber\u00e1n ser aprobadas a m\u00e1s tardar el 10 de diciembre.&nbsp;&nbsp;<\/p>\n\n\n\n<p>Por lo anterior insisti\u00f3 en que el Poder Judicial y los \u00f3rganos aut\u00f3nomos participen en el dise\u00f1o de la propuesta de presupuesto de egresos para el ejercicio fiscal 2022, ya que requiere coordinaci\u00f3n institucional.&nbsp;<\/p>\n\n\n\n<p>Cabe se\u00f1alar que los aut\u00f3nomos reconocidos por la Constituci\u00f3n son: la Defensor\u00eda de los Derechos Humanos, el \u00d3rgano de Acceso a la Informaci\u00f3n P\u00fablica, Transparencia, Protecci\u00f3n de Datos Personales; la Fiscal\u00eda de Oaxaca, el Tribunal Estatal Electoral, el Instituto Estatal Electoral y de Participaci\u00f3n Ciudadana de Oaxaca y el Tribunal de Justicia Administrativa.&nbsp;<\/p>\n","protected":false},"excerpt":{"rendered":"<p>Evlin Arag\u00f3n\/Zona Roja. Oaxaca de Ju\u00e1rez, Oax., 26 de septiembre de 2021.- El diputado local&hellip;<\/p>\n","protected":false},"author":2,"featured_media":28950,"comment_status":"closed","ping_status":"open","sticky":false,"template":"","format":"standard","meta":{"_lmt_disableupdate":"","_lmt_disable":"","_jetpack_memberships_contains_paid_content":false,"footnotes":""},"categories":[109,46],"tags":[612],"class_list":["post-32451","post","type-post","status-publish","format-standard","has-post-thumbnail","hentry","category-minuto-a-minuto","category-zona-blanca","tag-cesar-morales-nino"],"jetpack_featured_media_url":"https:\/\/zonaroja.com.mx\/wp-content\/uploads\/2021\/06\/Cesar-Morales-1-1.jpg","jetpack_sharing_enabled":true,"_links":{"self":[{"href":"https:\/\/zonaroja.com.mx\/index.php?rest_route=\/wp\/v2\/posts\/32451","targetHints":{"allow":["GET"]}}],"collection":[{"href":"https:\/\/zonaroja.com.mx\/index.php?rest_route=\/wp\/v2\/posts"}],"about":[{"href":"https:\/\/zonaroja.com.mx\/index.php?rest_route=\/wp\/v2\/types\/post"}],"author":[{"embeddable":true,"href":"https:\/\/zonaroja.com.mx\/index.php?rest_route=\/wp\/v2\/users\/2"}],"replies":[{"embeddable":true,"href":"https:\/\/zonaroja.com.mx\/index.php?rest_route=%2Fwp%2Fv2%2Fcomments&post=32451"}],"version-history":[{"count":1,"href":"https:\/\/zonaroja.com.mx\/index.php?rest_route=\/wp\/v2\/posts\/32451\/revisions"}],"predecessor-version":[{"id":32452,"href":"https:\/\/zonaroja.com.mx\/index.php?rest_route=\/wp\/v2\/posts\/32451\/revisions\/32452"}],"wp:featuredmedia":[{"embeddable":true,"href":"https:\/\/zonaroja.com.mx\/index.php?rest_route=\/wp\/v2\/media\/28950"}],"wp:attachment":[{"href":"https:\/\/zonaroja.com.mx\/index.php?rest_route=%2Fwp%2Fv2%2Fmedia&parent=32451"}],"wp:term":[{"taxonomy":"category","embeddable":true,"href":"https:\/\/zonaroja.com.mx\/index.php?rest_route=%2Fwp%2Fv2%2Fcategories&post=32451"},{"taxonomy":"post_tag","embeddable":true,"href":"https:\/\/zonaroja.com.mx\/index.php?rest_route=%2Fwp%2Fv2%2Ftags&post=32451"}],"curies":[{"name":"wp","href":"https:\/\/api.w.org\/{rel}","templated":true}]}}