{"id":32453,"date":"2021-09-26T07:11:49","date_gmt":"2021-09-26T12:11:49","guid":{"rendered":"http:\/\/www.zonaroja.com.mx\/?p=32453"},"modified":"2021-09-26T07:11:56","modified_gmt":"2021-09-26T12:11:56","slug":"ayotzinapa-siete-anos-de-impunidad-y-proteccion-al-ejercito","status":"publish","type":"post","link":"https:\/\/zonaroja.com.mx\/?p=32453","title":{"rendered":"Ayotzinapa: siete a\u00f1os de impunidad y protecci\u00f3n al Ej\u00e9rcito"},"content":{"rendered":"\n<p>Redacci\u00f3n\/Zona Roja Cdmx.<\/p>\n\n\n\n<p>Ciudad de M\u00e9xico, 26 de septiembre de 2021.- La noche del 26 de septiembre de 2014, en Iguala, Guerrero, 43 estudiantes que se preparaban para ser maestros desaparecieron sin dejar rastro alguno, en lo que se conoce como uno de los episodios m\u00e1s tr\u00e1gicos en la historia reciente de M\u00e9xico y un hecho que marc\u00f3 la administraci\u00f3n del expresidente Enrique Pe\u00f1a Nieto.<\/p>\n\n\n\n<p>Lo que se sabe hasta ahora es que un grupo de alumnos de la Escuela Normal Rural &#8216;Ra\u00fal Isidro Burgos&#8217; de Ayotzinapa, acudieron a la ciudad de Iguala, con la finalidad de manifestarse en la ciudad de M\u00e9xico por los hechos tr\u00e1gicos del 2 de octubre de 1968, lo hicieron como regularmente lo han hecho, tomando autobuses de l\u00edneas comerciales.<\/p>\n\n\n\n<p>Aunque la retenci\u00f3n y uso de autobuses hab\u00eda sido algo hasta rutinario&nbsp; en Guerrero y contaba incluso con la aprobaci\u00f3n de empresas y autoridades, el 26 de septiembre de 2014 la respuesta de las autoridades no fue la ordinaria y gener\u00f3 un parteaguas que hasta el d\u00eda de hoy no tiene respuesta clara.<\/p>\n\n\n\n<p>Esa noche y de acuerdo con las investigaciones que se han llevado a cabo desde entonces, los muchachos normalistas fueron detenidos en camiones comerciales en los alrededores de Iguala, una vez sometidos por autoridades estatales de seguridad p\u00fablica, fueron entregados a grupos del crimen organizado (Guerreros Unidos) y despu\u00e9s comienza la confusi\u00f3n que no ha podido transparentarse.<\/p>\n\n\n\n<p>Los j\u00f3venes fueron sacados de Iguala y trasladados en diferentes camionetas a lugares hasta ahora desconocidos, no sin antes haber sido presa de la violencia, torturados y acribillados, no se sabe el momento de la desaparici\u00f3n ni el lugar exacto en el que pueden estar localizados los restos o bien, las pistas que puedan dar se\u00f1ales del paradero de los normalistas a\u00fan est\u00e1n en proceso de investigaci\u00f3n.<\/p>\n\n\n\n<p>El saldo de aquella noche tr\u00e1gica fue de 43 j\u00f3venes desaparecidos, seis personas ejecutadas, entre ellas tres de los normalistas, incluido el caso de un joven que fue desollado y abandonado en un paraje solitario y al menos se sabe de 40 personas que resultaron heridas.<\/p>\n\n\n\n<p>&nbsp;\u201cYA ME CANS\u00c9\u201d<\/p>\n\n\n\n<p>Desde aquella noche, los padres&nbsp; de los j\u00f3venes no han parado en su af\u00e1n de conseguir justicia, no aceptaron la tristemente c\u00e9lebre \u2018verdad hist\u00f3rica\u2019 difundida en una rueda de prensa \u2018inolvidable\u2019 ofrecida por el exprocurador general de la rep\u00fablica (PGR), Jes\u00fas Murillo Karam (acompa\u00f1ado del ahora pr\u00f3fugo y exdirector de la Agencia de Investigaci\u00f3n Criminal, Tom\u00e1s Zer\u00f3n) quien inform\u00f3 que los estudiantes fueron detenidos y violentados por polic\u00edas municipales, entregados a Guerreros Unidos y ellos a su vez los asesinaron, quemaron sus restos en el basurero de Cocula y finalmente las cenizas tiradas al r\u00edo San Juan.<\/p>\n\n\n\n<p>La opini\u00f3n p\u00fablica y quienes observaron aquella conferencia de prensa no daban cr\u00e9dito a lo que estaban escuchando, la relator\u00eda de hechos golpe\u00f3 en lo m\u00e1s profundo del coraz\u00f3n a millones de mexicanos, quienes no pod\u00edan creer que los j\u00f3venes fueran asesinados con tanta sa\u00f1a y ser abandonados a su suerte por las autoridades y apuntando en sus inicios a los ahora procesados, Jos\u00e9 Luis Abarca y su esposa Mar\u00eda de los \u00c1ngeles Pineda, el primero era edil de Iguala y de acuerdo con las primeras investigaciones fue se\u00f1alado como c\u00f3mplice de los atroces cr\u00edmenes junto con su esposa.<\/p>\n\n\n\n<p>La noche de aquella \u2018verdad hist\u00f3rica\u2019 finaliz\u00f3 con la frase tristemente c\u00e9lebre del procurador Murillo Karam \u201cYa me cans\u00e9\u201d, luego de ser cuestionado por la prensa por varios minutos, el funcionario decidi\u00f3 no continuar respondiendo, seg\u00fan \u00e9l porque ya estaba cansado y no hab\u00eda podido dormir luego de estar varios d\u00edas tratando de esclarecer los hechos.<\/p>\n\n\n\n<p>Desde entonces, la famosa \u2018verdad hist\u00f3rica\u2019 se ha desmantelado poco a poco luego del reinicio de las investigaciones del caso Ayotzinapa en la administraci\u00f3n actual del presidente Andr\u00e9s Manuel L\u00f3pez Obrador, la exsecretaria de Gobernaci\u00f3n, Olga S\u00e1nchez Cordero, anunci\u00f3 en marzo de 2020 que el gobierno de la 4T ten\u00eda como objetivo derribar la famosa \u2018verdad hist\u00f3rica\u2019 con la que se pretendi\u00f3 dar \u2018carpetazo\u2019 al asunto.<\/p>\n\n\n\n<p>Tiempo despu\u00e9s (2021), la Subsecretar\u00eda de Derechos Humanos, Poblaci\u00f3n y Migraci\u00f3n, de la Secretar\u00eda de Gobernaci\u00f3n (Segob),&nbsp; a cargo de Alejandro Encinas, inform\u00f3 que se liberaron al menos 31 mil documentos relacionados con la desaparici\u00f3n de los normalistas de la Escuela Normal Rural de Ayotzinapa a siete a\u00f1os de aquel hecho atroz.<\/p>\n\n\n\n<p>Hasta ahora solo se han identificado los restos de&nbsp; tres j\u00f3venes normalistas, Christian Alfonso Rodr\u00edguez Telumbre, Alexander Mora Venancio y Jhosivani Guerrero de la Cruz, identificados entre el 2014 y el 2020, el \u00faltimo fue el joven Christian Alfonso Rodr\u00edguez Telumbre, identificado por los cient\u00edficos de la Universidad de Innsbruck en Austria.<\/p>\n\n\n\n<p>(Informaci\u00f3n de \u201cEl Heraldo de M\u00e9xico\u201d)<\/p>\n","protected":false},"excerpt":{"rendered":"<p>Redacci\u00f3n\/Zona Roja Cdmx. Ciudad de M\u00e9xico, 26 de septiembre de 2021.- La noche del 26&hellip;<\/p>\n","protected":false},"author":2,"featured_media":6058,"comment_status":"closed","ping_status":"open","sticky":false,"template":"","format":"standard","meta":{"_lmt_disableupdate":"","_lmt_disable":"","_jetpack_memberships_contains_paid_content":false,"footnotes":""},"categories":[109,47],"tags":[823],"class_list":["post-32453","post","type-post","status-publish","format-standard","has-post-thumbnail","hentry","category-minuto-a-minuto","category-zona-gris","tag-desaparecidos-ayotzinapa-guerrero"],"jetpack_featured_media_url":"https:\/\/zonaroja.com.mx\/wp-content\/uploads\/2019\/11\/Ayotzinapa.jpg","jetpack_sharing_enabled":true,"_links":{"self":[{"href":"https:\/\/zonaroja.com.mx\/index.php?rest_route=\/wp\/v2\/posts\/32453","targetHints":{"allow":["GET"]}}],"collection":[{"href":"https:\/\/zonaroja.com.mx\/index.php?rest_route=\/wp\/v2\/posts"}],"about":[{"href":"https:\/\/zonaroja.com.mx\/index.php?rest_route=\/wp\/v2\/types\/post"}],"author":[{"embeddable":true,"href":"https:\/\/zonaroja.com.mx\/index.php?rest_route=\/wp\/v2\/users\/2"}],"replies":[{"embeddable":true,"href":"https:\/\/zonaroja.com.mx\/index.php?rest_route=%2Fwp%2Fv2%2Fcomments&post=32453"}],"version-history":[{"count":1,"href":"https:\/\/zonaroja.com.mx\/index.php?rest_route=\/wp\/v2\/posts\/32453\/revisions"}],"predecessor-version":[{"id":32454,"href":"https:\/\/zonaroja.com.mx\/index.php?rest_route=\/wp\/v2\/posts\/32453\/revisions\/32454"}],"wp:featuredmedia":[{"embeddable":true,"href":"https:\/\/zonaroja.com.mx\/index.php?rest_route=\/wp\/v2\/media\/6058"}],"wp:attachment":[{"href":"https:\/\/zonaroja.com.mx\/index.php?rest_route=%2Fwp%2Fv2%2Fmedia&parent=32453"}],"wp:term":[{"taxonomy":"category","embeddable":true,"href":"https:\/\/zonaroja.com.mx\/index.php?rest_route=%2Fwp%2Fv2%2Fcategories&post=32453"},{"taxonomy":"post_tag","embeddable":true,"href":"https:\/\/zonaroja.com.mx\/index.php?rest_route=%2Fwp%2Fv2%2Ftags&post=32453"}],"curies":[{"name":"wp","href":"https:\/\/api.w.org\/{rel}","templated":true}]}}