{"id":32455,"date":"2021-09-26T07:27:39","date_gmt":"2021-09-26T12:27:39","guid":{"rendered":"http:\/\/www.zonaroja.com.mx\/?p=32455"},"modified":"2021-09-26T07:27:43","modified_gmt":"2021-09-26T12:27:43","slug":"caen-dos-policiacos-que-participaron-en-hechos-de-2016-en-nochixtlan","status":"publish","type":"post","link":"https:\/\/zonaroja.com.mx\/?p=32455","title":{"rendered":"Caen dos policiacos que participaron en hechos de 2016 en Nochixtl\u00e1n"},"content":{"rendered":"\n<p>Redacci\u00f3n\/Zona Roja.<\/p>\n\n\n\n<p>Oaxaca de Ju\u00e1rez, Oax., 26 de septiembre de 2021- Dos elementos policiacos fueron detenidos durante las \u00faltimas 24 horas, por su probable relaci\u00f3n en el enfrentamiento ocurrido el 19 de junio de 2016 en Asunci\u00f3n Nochixtl\u00e1n, Oaxaca.<\/p>\n\n\n\n<p>Sin embargo, varias organizaciones sociales, entre ellas el Comit\u00e9 de V\u00edctimas \u201c19 de Junio\u201d, reprocharon que se trate de \u201cchivos expiatorios\u201d y reiteraron su cr\u00edtica al Poder Judicial federal por proteger al ex Presidente Enrique Pe\u00f1a Nieto e impedir que declare respecto a esos hechos.<\/p>\n\n\n\n<p>De los detenidos, uno de ellos fue identificado como Juan P. A., quien en 2016 fung\u00eda como director de la Divisi\u00f3n de Fuerzas Especiales de la Polic\u00eda Estatal; el otro es Carlos G. R., aprehendido en la Ciudad de M\u00e9xico.<\/p>\n\n\n\n<figure class=\"wp-block-embed-twitter wp-block-embed is-type-rich is-provider-twitter\"><div class=\"wp-block-embed__wrapper\">\n<div class=\"twitter-tweet\"><blockquote class=\"twitter-tweet\" data-lang=\"es\"><p lang=\"es\" dir=\"ltr\"><a href=\"https:\/\/twitter.com\/hashtag\/%C3%9AltimoMinuto?src=hash&amp;ref_src=twsrc%5Etfw\">#\u00daltimoMinuto<\/a> <br>Organizaciones sociales, entre ellas el Comit\u00e9 de V\u00edctimas de <a href=\"https:\/\/twitter.com\/hashtag\/Nochixtl%C3%A1n?src=hash&amp;ref_src=twsrc%5Etfw\">#Nochixtl\u00e1n<\/a>, confirmaron la detenci\u00f3n de mandos policiacos por los hechos del 19 de junio de 2016; sin embargo, consideraron que son \u201cchivos expiatorios\u201d.  <br>Video\/ <a href=\"https:\/\/twitter.com\/Seccion22Cencos?ref_src=twsrc%5Etfw\">@Seccion22Cencos<\/a> <a href=\"https:\/\/t.co\/UV7jI9EQLn\">pic.twitter.com\/UV7jI9EQLn<\/a><\/p>&mdash; Zona Roja Oaxaca (@Zona_Roja_Oax) <a href=\"https:\/\/twitter.com\/Zona_Roja_Oax\/status\/1441926714393776134?ref_src=twsrc%5Etfw\">26 de septiembre de 2021<\/a><\/blockquote><\/div>\n<\/div><\/figure>\n\n\n\n<p>Ayer por la tarde, una decena de organizaciones sociales dio una conferencia de prensa frente al Palacio de Gobierno, ciudad de Oaxaca, para confirmar los hechos.<\/p>\n\n\n\n<p>Pero tambi\u00e9n para lamentar que contin\u00fae la protecci\u00f3n al ex mandatario mexicano, seg\u00fan dijo Santiago Ambrosio, quien acus\u00f3 un pacto de impunidad del gobierno de Andr\u00e9s Manuel L\u00f3pez Obrador con Pe\u00f1a Nieto.<\/p>\n\n\n\n<p>Fue el &nbsp;19 de junio de 2016 en que elementos policiacos federal y estatal efectuaron en Asunci\u00f3n Nochixtl\u00e1n, un intento de desalojo del bloqueo carretero, que efectuaban pobladores y maestros de la Secci\u00f3n 22 del SNTE.<\/p>\n\n\n\n<p>El enfrentamiento por varias horas durante esa jornada en Oaxaca dej\u00f3 como saldo al menos ocho personas asesinadas y un centenar de lesionados.<\/p>\n","protected":false},"excerpt":{"rendered":"<p>Redacci\u00f3n\/Zona Roja. Oaxaca de Ju\u00e1rez, Oax., 26 de septiembre de 2021- Dos elementos policiacos fueron&hellip;<\/p>\n","protected":false},"author":2,"featured_media":32456,"comment_status":"closed","ping_status":"open","sticky":false,"template":"","format":"standard","meta":{"_lmt_disableupdate":"","_lmt_disable":"","_jetpack_memberships_contains_paid_content":false,"footnotes":""},"categories":[109,47],"tags":[249],"class_list":["post-32455","post","type-post","status-publish","format-standard","has-post-thumbnail","hentry","category-minuto-a-minuto","category-zona-gris","tag-comite-de-victimas-nochixtlan"],"jetpack_featured_media_url":"https:\/\/zonaroja.com.mx\/wp-content\/uploads\/2021\/09\/Conferencia-de-prensa-caso-Nochixtlan.jpg","jetpack_sharing_enabled":true,"_links":{"self":[{"href":"https:\/\/zonaroja.com.mx\/index.php?rest_route=\/wp\/v2\/posts\/32455","targetHints":{"allow":["GET"]}}],"collection":[{"href":"https:\/\/zonaroja.com.mx\/index.php?rest_route=\/wp\/v2\/posts"}],"about":[{"href":"https:\/\/zonaroja.com.mx\/index.php?rest_route=\/wp\/v2\/types\/post"}],"author":[{"embeddable":true,"href":"https:\/\/zonaroja.com.mx\/index.php?rest_route=\/wp\/v2\/users\/2"}],"replies":[{"embeddable":true,"href":"https:\/\/zonaroja.com.mx\/index.php?rest_route=%2Fwp%2Fv2%2Fcomments&post=32455"}],"version-history":[{"count":1,"href":"https:\/\/zonaroja.com.mx\/index.php?rest_route=\/wp\/v2\/posts\/32455\/revisions"}],"predecessor-version":[{"id":32457,"href":"https:\/\/zonaroja.com.mx\/index.php?rest_route=\/wp\/v2\/posts\/32455\/revisions\/32457"}],"wp:featuredmedia":[{"embeddable":true,"href":"https:\/\/zonaroja.com.mx\/index.php?rest_route=\/wp\/v2\/media\/32456"}],"wp:attachment":[{"href":"https:\/\/zonaroja.com.mx\/index.php?rest_route=%2Fwp%2Fv2%2Fmedia&parent=32455"}],"wp:term":[{"taxonomy":"category","embeddable":true,"href":"https:\/\/zonaroja.com.mx\/index.php?rest_route=%2Fwp%2Fv2%2Fcategories&post=32455"},{"taxonomy":"post_tag","embeddable":true,"href":"https:\/\/zonaroja.com.mx\/index.php?rest_route=%2Fwp%2Fv2%2Ftags&post=32455"}],"curies":[{"name":"wp","href":"https:\/\/api.w.org\/{rel}","templated":true}]}}