{"id":32461,"date":"2021-09-26T07:53:00","date_gmt":"2021-09-26T12:53:00","guid":{"rendered":"http:\/\/www.zonaroja.com.mx\/?p=32461"},"modified":"2021-09-26T07:53:03","modified_gmt":"2021-09-26T12:53:03","slug":"asaltan-a-taxista-en-la-ciudad-de-oaxaca-le-roban-la-unidad-y-la-queman","status":"publish","type":"post","link":"https:\/\/zonaroja.com.mx\/?p=32461","title":{"rendered":"Asaltan a taxista en la ciudad de Oaxaca; le roban la unidad y la queman"},"content":{"rendered":"\n<p>Redacci\u00f3n\/Zona Roja.<\/p>\n\n\n\n<p>Oaxaca de Ju\u00e1rez, Oax., 26 de septiembre de 2021.- Un taxista de la ciudad de Oaxaca fue asaltado la madrugada de hoy; la unidad de motor posteriormente la incendiaron, tras dejar tirado al conductor.<\/p>\n\n\n\n<p>Se trata del veh\u00edculo tipo Tsuru, marca Nissan, del sitio \u201cAlameda\u201d, con placas de circulaci\u00f3n 76-78-SJM de la capital del estado, que fue abordado en el centro.<\/p>\n\n\n\n<p>Tras ser amagado, el ruletero fue obligado a conducir hacia el fraccionamiento La Fundici\u00f3n, en los l\u00edmites de San Juan Chapultepec con San Mart\u00edn Mexic\u00e1pam, donde lo abandonaron, luego de golpearlo.<\/p>\n\n\n\n<figure class=\"wp-block-embed-twitter wp-block-embed is-type-rich is-provider-twitter\"><div class=\"wp-block-embed__wrapper\">\n<div class=\"twitter-tweet\"><blockquote class=\"twitter-tweet\" data-lang=\"es\"><p lang=\"es\" dir=\"ltr\"><a href=\"https:\/\/twitter.com\/hashtag\/OaxacaRojo?src=hash&amp;ref_src=twsrc%5Etfw\">#OaxacaRojo<\/a> <br>La madrugada de este domingo, sujetos desconocidos asaltaron a un taxista del sitio \u201cAlameda\u201d de la ciudad de Oaxaca; tiraron al chofer en inmediaciones de la colonia La Fundici\u00f3n y despu\u00e9s quemaron la unidad rumbo a Monte Alb\u00e1n. <br>\u00bfY <a href=\"https:\/\/twitter.com\/MunicipioSeguro?ref_src=twsrc%5Etfw\">@MunicipioSeguro<\/a> <a href=\"https:\/\/twitter.com\/MarcosFredy_HL?ref_src=twsrc%5Etfw\">@MarcosFredy_HL<\/a>? <a href=\"https:\/\/t.co\/wMJIYETU57\">pic.twitter.com\/wMJIYETU57<\/a><\/p>&mdash; Zona Roja Oaxaca (@Zona_Roja_Oax) <a href=\"https:\/\/twitter.com\/Zona_Roja_Oax\/status\/1442109313082929156?ref_src=twsrc%5Etfw\">26 de septiembre de 2021<\/a><\/blockquote><\/div>\n<\/div><\/figure>\n\n\n\n<p>En tanto, los maleantes se llevaron la unidad de motor rumbo a la zona arqueol\u00f3gica de Monte Alb\u00e1n y en un paraje despoblado le prendieron fuego.<\/p>\n\n\n\n<p>Personal del Heroico Cuerpo de Bomberos, dependiente de la Secretaria de Seguridad P\u00fablica, acudi\u00f3 a sofocar el incendio; sin embargo, la unidad qued\u00f3 calcinada en su totalidad. Hasta el momento la corporaci\u00f3n policiaca municipal no ha reportado ni operativos de b\u00fasqueda ni detenciones relacionadas con este hecho violento.<\/p>\n","protected":false},"excerpt":{"rendered":"<p>Redacci\u00f3n\/Zona Roja. Oaxaca de Ju\u00e1rez, Oax., 26 de septiembre de 2021.- Un taxista de la&hellip;<\/p>\n","protected":false},"author":2,"featured_media":32462,"comment_status":"closed","ping_status":"open","sticky":false,"template":"","format":"standard","meta":{"_lmt_disableupdate":"","_lmt_disable":"","_jetpack_memberships_contains_paid_content":false,"footnotes":""},"categories":[109,47],"tags":[148],"class_list":["post-32461","post","type-post","status-publish","format-standard","has-post-thumbnail","hentry","category-minuto-a-minuto","category-zona-gris","tag-oaxaca-de-juarez"],"jetpack_featured_media_url":"https:\/\/zonaroja.com.mx\/wp-content\/uploads\/2021\/09\/Taxi-incendiado-ciudad-de-Oaxaca.jpg","jetpack_sharing_enabled":true,"_links":{"self":[{"href":"https:\/\/zonaroja.com.mx\/index.php?rest_route=\/wp\/v2\/posts\/32461","targetHints":{"allow":["GET"]}}],"collection":[{"href":"https:\/\/zonaroja.com.mx\/index.php?rest_route=\/wp\/v2\/posts"}],"about":[{"href":"https:\/\/zonaroja.com.mx\/index.php?rest_route=\/wp\/v2\/types\/post"}],"author":[{"embeddable":true,"href":"https:\/\/zonaroja.com.mx\/index.php?rest_route=\/wp\/v2\/users\/2"}],"replies":[{"embeddable":true,"href":"https:\/\/zonaroja.com.mx\/index.php?rest_route=%2Fwp%2Fv2%2Fcomments&post=32461"}],"version-history":[{"count":1,"href":"https:\/\/zonaroja.com.mx\/index.php?rest_route=\/wp\/v2\/posts\/32461\/revisions"}],"predecessor-version":[{"id":32463,"href":"https:\/\/zonaroja.com.mx\/index.php?rest_route=\/wp\/v2\/posts\/32461\/revisions\/32463"}],"wp:featuredmedia":[{"embeddable":true,"href":"https:\/\/zonaroja.com.mx\/index.php?rest_route=\/wp\/v2\/media\/32462"}],"wp:attachment":[{"href":"https:\/\/zonaroja.com.mx\/index.php?rest_route=%2Fwp%2Fv2%2Fmedia&parent=32461"}],"wp:term":[{"taxonomy":"category","embeddable":true,"href":"https:\/\/zonaroja.com.mx\/index.php?rest_route=%2Fwp%2Fv2%2Fcategories&post=32461"},{"taxonomy":"post_tag","embeddable":true,"href":"https:\/\/zonaroja.com.mx\/index.php?rest_route=%2Fwp%2Fv2%2Ftags&post=32461"}],"curies":[{"name":"wp","href":"https:\/\/api.w.org\/{rel}","templated":true}]}}