{"id":32464,"date":"2021-09-26T13:28:58","date_gmt":"2021-09-26T18:28:58","guid":{"rendered":"https:\/\/www.zonaroja.com.mx\/?p=32464"},"modified":"2021-09-26T15:32:45","modified_gmt":"2021-09-26T20:32:45","slug":"cese-fulminante-de-elemento-de-pabic-quiso-meter-mariguana-a-reclusorio","status":"publish","type":"post","link":"https:\/\/zonaroja.com.mx\/?p=32464","title":{"rendered":"Cese fulminante de elemento de PABIC; quiso meter mariguana a reclusorio"},"content":{"rendered":"\n<p>Redacci\u00f3n\/Zona Roja. <\/p>\n\n\n\n<p>Oaxaca de Ju\u00e1rez, Oax., 26 de septiembre de 2021.- La Secretar\u00eda de Seguridad P\u00fablica de Oaxaca (SSPO) que encabeza Heliodoro D\u00edaz Esc\u00e1rraga informa que, un integrante de la Polic\u00eda Auxiliar, Bancaria, Industrial y Comercial (PABIC) fue cesado de manera inmediata de su cargo al no cumplir con sus funciones como lo marca la ley, y puesto a disposici\u00f3n de las autoridades correspondientes para el debido proceso.<\/p>\n\n\n\n<p>Lo anterior, debido a que Josu\u00e9 \u201cNN\u201d, quien se encontraba comisionado en el Centro Penitenciario Tanivet Varonil, pretend\u00eda ingresar a las instalaciones hierba seca con caracter\u00edsticas propias a la marihuana.<\/p>\n\n\n\n<p>Ante dichos hechos, la SSPO no permitir\u00e1 que ning\u00fan integrante de las \u00e1reas o corporaciones de la SSPO trasgreda la ley, ya que estas acciones van en contra de las normas y valores que rigen el c\u00f3digo de conducta y principios constitucionales de la instituci\u00f3n. <\/p>\n\n\n\n<p>Cabe resaltar que el elemento fue puesto a disposici\u00f3n de las autoridades correspondientes para determinar su situaci\u00f3n jur\u00eddica, en tanto la Direcci\u00f3n General de Asuntos Internos, inici\u00f3 los procedimientos correspondientes para determinar lo procedente. <\/p>\n\n\n\n<p>La SSPO reitera su compromiso de garantizar la seguridad y gobernabilidad dentro de los Centros Penitenciarios en el estado; as\u00ed como, en las ocho regiones de la entidad oaxaque\u00f1a. <\/p>\n\n\n\n<p>(Comunicado)<\/p>\n","protected":false},"excerpt":{"rendered":"<p>Redacci\u00f3n\/Zona Roja. Oaxaca de Ju\u00e1rez, Oax., 26 de septiembre de 2021.- La Secretar\u00eda de Seguridad&hellip;<\/p>\n","protected":false},"author":2,"featured_media":32467,"comment_status":"closed","ping_status":"open","sticky":false,"template":"","format":"standard","meta":{"_lmt_disableupdate":"","_lmt_disable":"","_jetpack_memberships_contains_paid_content":false,"footnotes":""},"categories":[109,47],"tags":[1421],"class_list":["post-32464","post","type-post","status-publish","format-standard","has-post-thumbnail","hentry","category-minuto-a-minuto","category-zona-gris","tag-secretaria-de-seguridad-publica-de-oaxaca-sspo"],"jetpack_featured_media_url":"https:\/\/zonaroja.com.mx\/wp-content\/uploads\/2021\/09\/PABIC-detenido-reclusorio-Tanivet.jpg","jetpack_sharing_enabled":true,"_links":{"self":[{"href":"https:\/\/zonaroja.com.mx\/index.php?rest_route=\/wp\/v2\/posts\/32464","targetHints":{"allow":["GET"]}}],"collection":[{"href":"https:\/\/zonaroja.com.mx\/index.php?rest_route=\/wp\/v2\/posts"}],"about":[{"href":"https:\/\/zonaroja.com.mx\/index.php?rest_route=\/wp\/v2\/types\/post"}],"author":[{"embeddable":true,"href":"https:\/\/zonaroja.com.mx\/index.php?rest_route=\/wp\/v2\/users\/2"}],"replies":[{"embeddable":true,"href":"https:\/\/zonaroja.com.mx\/index.php?rest_route=%2Fwp%2Fv2%2Fcomments&post=32464"}],"version-history":[{"count":2,"href":"https:\/\/zonaroja.com.mx\/index.php?rest_route=\/wp\/v2\/posts\/32464\/revisions"}],"predecessor-version":[{"id":32481,"href":"https:\/\/zonaroja.com.mx\/index.php?rest_route=\/wp\/v2\/posts\/32464\/revisions\/32481"}],"wp:featuredmedia":[{"embeddable":true,"href":"https:\/\/zonaroja.com.mx\/index.php?rest_route=\/wp\/v2\/media\/32467"}],"wp:attachment":[{"href":"https:\/\/zonaroja.com.mx\/index.php?rest_route=%2Fwp%2Fv2%2Fmedia&parent=32464"}],"wp:term":[{"taxonomy":"category","embeddable":true,"href":"https:\/\/zonaroja.com.mx\/index.php?rest_route=%2Fwp%2Fv2%2Fcategories&post=32464"},{"taxonomy":"post_tag","embeddable":true,"href":"https:\/\/zonaroja.com.mx\/index.php?rest_route=%2Fwp%2Fv2%2Ftags&post=32464"}],"curies":[{"name":"wp","href":"https:\/\/api.w.org\/{rel}","templated":true}]}}