{"id":32479,"date":"2021-09-26T15:27:46","date_gmt":"2021-09-26T20:27:46","guid":{"rendered":"http:\/\/www.zonaroja.com.mx\/?p=32479"},"modified":"2021-09-26T15:27:48","modified_gmt":"2021-09-26T20:27:48","slug":"respalda-asamblea-comunitaria-de-ayutla-mixe-a-su-presidente-municipal","status":"publish","type":"post","link":"https:\/\/zonaroja.com.mx\/?p=32479","title":{"rendered":"Respalda asamblea comunitaria de Ayutla Mixe a su presidente municipal"},"content":{"rendered":"\n<p>Redacci\u00f3n\/Zona Roja.<\/p>\n\n\n\n<p>Oaxaca de Ju\u00e1rez, Oax., 26 de septiembre de 2021.- En asamblea general, habitantes de San Pedro y San Pablo Ayutla Mixe reiteraron su respaldo a su presidente municipal, Jes\u00fas Galv\u00e1n Rojas, as\u00ed como a los dem\u00e1s integrantes del Cabildo.<\/p>\n\n\n\n<p>La reuni\u00f3n se efectu\u00f3 la tarde de este s\u00e1bado sin contratiempos ni violencia ni ataques en contra de un grupo de paisanos inconformes, dieron a conocer las autoridades municipales.<\/p>\n\n\n\n<p>Con m\u00e1s de 700 votos de comuneros, los asistentes convinieron en ratificar su apoyo para que el edil contin\u00fae con el proceso de disoluci\u00f3n del mancom\u00fan con el pueblo vecino de Tamazul\u00e1pam del Esp\u00edritu Santo, con quien lograron un acuerdo intercomunitario para poner fin a la disputa del manantial y al l\u00edo agrario.<\/p>\n\n\n\n<p>A pesar de la inconformidad de un grupo de personas que han intentado frenar las acciones que realiza la autoridad para alcanzar la paz y la tranquilidad en la zona Mixe, cientos de habitantes de la cabecera municipal y las agencias de Ayutla pusieron por delante el inter\u00e9s colectivo y decidieron apoyar en unidad al edil que recientemente sufri\u00f3 un atentado en esa poblaci\u00f3n luego de que le quemaran una camioneta de su propiedad.<\/p>\n\n\n\n<p>Los comuneros dejaron en claro que, si algo le llegara a pasar al presidente municipal o a cualquier integrante del Cabildo, la responsabilidad podr\u00eda recaer inmediatamente en ese grupo reducido de inconformes que han lanzado amenazas y chantajes a la autoridad a trav\u00e9s de distintos medios.<\/p>\n\n\n\n<p>Cabe se\u00f1alar que en la asamblea estuvieron en calidad de testigos representantes de organismos de derechos humanos.<\/p>\n","protected":false},"excerpt":{"rendered":"<p>Redacci\u00f3n\/Zona Roja. Oaxaca de Ju\u00e1rez, Oax., 26 de septiembre de 2021.- En asamblea general, habitantes&hellip;<\/p>\n","protected":false},"author":2,"featured_media":32476,"comment_status":"closed","ping_status":"open","sticky":false,"template":"","format":"standard","meta":{"_lmt_disableupdate":"","_lmt_disable":"","_jetpack_memberships_contains_paid_content":false,"footnotes":""},"categories":[109,46],"tags":[501],"class_list":["post-32479","post","type-post","status-publish","format-standard","has-post-thumbnail","hentry","category-minuto-a-minuto","category-zona-blanca","tag-san-pedro-y-san-pablo-ayutla-mixe"],"jetpack_featured_media_url":"https:\/\/zonaroja.com.mx\/wp-content\/uploads\/2021\/09\/Asamblea-Ayutla-Mixe.png","jetpack_sharing_enabled":true,"_links":{"self":[{"href":"https:\/\/zonaroja.com.mx\/index.php?rest_route=\/wp\/v2\/posts\/32479","targetHints":{"allow":["GET"]}}],"collection":[{"href":"https:\/\/zonaroja.com.mx\/index.php?rest_route=\/wp\/v2\/posts"}],"about":[{"href":"https:\/\/zonaroja.com.mx\/index.php?rest_route=\/wp\/v2\/types\/post"}],"author":[{"embeddable":true,"href":"https:\/\/zonaroja.com.mx\/index.php?rest_route=\/wp\/v2\/users\/2"}],"replies":[{"embeddable":true,"href":"https:\/\/zonaroja.com.mx\/index.php?rest_route=%2Fwp%2Fv2%2Fcomments&post=32479"}],"version-history":[{"count":1,"href":"https:\/\/zonaroja.com.mx\/index.php?rest_route=\/wp\/v2\/posts\/32479\/revisions"}],"predecessor-version":[{"id":32480,"href":"https:\/\/zonaroja.com.mx\/index.php?rest_route=\/wp\/v2\/posts\/32479\/revisions\/32480"}],"wp:featuredmedia":[{"embeddable":true,"href":"https:\/\/zonaroja.com.mx\/index.php?rest_route=\/wp\/v2\/media\/32476"}],"wp:attachment":[{"href":"https:\/\/zonaroja.com.mx\/index.php?rest_route=%2Fwp%2Fv2%2Fmedia&parent=32479"}],"wp:term":[{"taxonomy":"category","embeddable":true,"href":"https:\/\/zonaroja.com.mx\/index.php?rest_route=%2Fwp%2Fv2%2Fcategories&post=32479"},{"taxonomy":"post_tag","embeddable":true,"href":"https:\/\/zonaroja.com.mx\/index.php?rest_route=%2Fwp%2Fv2%2Ftags&post=32479"}],"curies":[{"name":"wp","href":"https:\/\/api.w.org\/{rel}","templated":true}]}}