{"id":32482,"date":"2021-09-26T16:22:08","date_gmt":"2021-09-26T21:22:08","guid":{"rendered":"http:\/\/www.zonaroja.com.mx\/?p=32482"},"modified":"2021-09-26T16:22:11","modified_gmt":"2021-09-26T21:22:11","slug":"abaten-policias-a-individuo-en-san-francisco-del-mar-un-ejecutado-en-zimatlan","status":"publish","type":"post","link":"https:\/\/zonaroja.com.mx\/?p=32482","title":{"rendered":"Abaten polic\u00edas a individuo en San Francisco del Mar; un ejecutado en Zimatl\u00e1n"},"content":{"rendered":"\n<p>Redacci\u00f3n\/Zona Roja.<\/p>\n\n\n\n<p>Oaxaca de Ju\u00e1rez, Oax., 26 de septiembre de 2021.- Un individuo en silla de ruedas fue ejecutado este domingo en Yatzeche, Zimatl\u00e1n, mientras que en San Francisco del Mar, polic\u00edas y la Guardia Nacional abatieron a un presunto delincuente.<\/p>\n\n\n\n<p>En el municipio de Santa In\u00e9s Yatzeche, del distrito de Zimatl\u00e1n, al mediod\u00eda de este domingo fue ultimado a balazos Jacinto N., de 34 a\u00f1os de edad, cuando descend\u00eda de su camioneta en su domicilio ubicado en la calle Benito Ju\u00e1rez.<\/p>\n\n\n\n<p>El hombre que se transporta en silla de ruedas, descend\u00eda de su unidad, una camioneta color guinda, marca Ford, cuando fue ultimado por sujetos desconocidos, que de inmediato huyeron.<\/p>\n\n\n\n<p>ENFRENTAMIENTO EN ZONA HUAVE<\/p>\n\n\n\n<p>Por otra parte, esta ma\u00f1ana en San Francisco del Mar ocurri\u00f3 un enfrentamiento entre fuerzas policiales, incluida la Guardia Nacional, con presuntos delincuentes, lo que dej\u00f3 como saldo un probable delincuente muerto, identificado como H\u00e9ctor Cabrera, alias \u201cEl Cuaco\u201d.<\/p>\n\n\n\n<p>Seg\u00fan un comunicado de prensa, en el momento de dar cumplimiento a una orden de cateo en un domicilio de la referida poblaci\u00f3n, \u201clos elementos de la Agencia Estatal de Investigaciones (AEI) fueron v\u00edctimas de un ataque armado en el que perdi\u00f3 la vida una persona del sexo masculino\u201d.<\/p>\n\n\n\n<p>Con apoyo de efectivos de la Guardia Nacional (GN) dieron cumplimiento a la orden de cateo asentada en el cuadernillo de antecedentes 50\/2021, con el prop\u00f3sito de asegurar narc\u00f3ticos en dos domicilios del municipio de San Francisco del Mar.<\/p>\n\n\n\n<p>\u201cSin embargo, en uno de ellos, sujetos desconocidos abrieron fuego contra los elementos policiales, quienes repelieron la agresi\u00f3n. En este incidente perdi\u00f3 la vida la persona identificada como H. C. R., alias \u2018Cuaco\u2019 o \u2018Caballo\u2019.<\/p>\n\n\n\n<p>Expuso que posteriormente, se logr\u00f3 la detenci\u00f3n de un joven de 18 a\u00f1os, adem\u00e1s que en el lugar aseguraron varias dosis de la droga denominada cristal, as\u00ed como tres armas de fuego y un veh\u00edculo de motor marca Nissan, los cuales ser\u00e1n presentados ante el Agente del Ministerio P\u00fablico de la FGEO y de la Fiscal\u00eda General de la Rep\u00fablica (FGR).<\/p>\n\n\n\n<p>Asimismo, la Instituci\u00f3n asegur\u00f3 a un ni\u00f1o de 12 a\u00f1os, quien fue trasladado a la Vicefiscal\u00eda General de Atenci\u00f3n a V\u00edctimas y a la Sociedad, a fin de brindarle la atenci\u00f3n integral conforme a las necesidades de la v\u00edctima.<\/p>\n\n\n\n<p>INDAGAN MUERTE<\/p>\n\n\n\n<p>Por otra parte, la Fiscal\u00eda General del Estado de Oaxaca indaga el crimen del comerciante, Jos\u00e9 B.C.H., de 36 a\u00f1os de edad, registrado la noche del jueves en la Central de Abasto, ciudad de Oaxaca, con el fin de identificar si tiene o no relaci\u00f3n con el ataque de polic\u00edas municipales a vendedores hace una semana.<\/p>\n\n\n\n<p>El caso ocurri\u00f3 a las 23:15 horas del pasado jueves cuando Jos\u00e9 fue interceptado por sujetos cuando cerraba su negocio ubicado cerca de la pluma tres y lo llevaron detr\u00e1s de un puesto, donde lo golpearon.<\/p>\n\n\n\n<p>Las corporaciones polic\u00edacas fueron alertadas y personal param\u00e9dico, por lo cual acudieron los integrantes de la Cruz Roja Mexicana.<\/p>\n\n\n\n<p>Fue auxiliado y trasladado a un hospital, donde qued\u00f3 encamado y por lo cual fue atendido, pero debido a las lesiones dej\u00f3 de existir el viernes.<\/p>\n","protected":false},"excerpt":{"rendered":"<p>Redacci\u00f3n\/Zona Roja. Oaxaca de Ju\u00e1rez, Oax., 26 de septiembre de 2021.- Un individuo en silla&hellip;<\/p>\n","protected":false},"author":2,"featured_media":32483,"comment_status":"closed","ping_status":"open","sticky":false,"template":"","format":"standard","meta":{"_lmt_disableupdate":"","_lmt_disable":"","_jetpack_memberships_contains_paid_content":false,"footnotes":""},"categories":[109,51],"tags":[954,2903],"class_list":["post-32482","post","type-post","status-publish","format-standard","has-post-thumbnail","hentry","category-minuto-a-minuto","category-zona-roja","tag-san-francisco-del-mar","tag-santa-ines-yatzeche"],"jetpack_featured_media_url":"https:\/\/zonaroja.com.mx\/wp-content\/uploads\/2021\/09\/Guardia-Nacional-San-Francisco-del-Mar.jpg","jetpack_sharing_enabled":true,"_links":{"self":[{"href":"https:\/\/zonaroja.com.mx\/index.php?rest_route=\/wp\/v2\/posts\/32482","targetHints":{"allow":["GET"]}}],"collection":[{"href":"https:\/\/zonaroja.com.mx\/index.php?rest_route=\/wp\/v2\/posts"}],"about":[{"href":"https:\/\/zonaroja.com.mx\/index.php?rest_route=\/wp\/v2\/types\/post"}],"author":[{"embeddable":true,"href":"https:\/\/zonaroja.com.mx\/index.php?rest_route=\/wp\/v2\/users\/2"}],"replies":[{"embeddable":true,"href":"https:\/\/zonaroja.com.mx\/index.php?rest_route=%2Fwp%2Fv2%2Fcomments&post=32482"}],"version-history":[{"count":1,"href":"https:\/\/zonaroja.com.mx\/index.php?rest_route=\/wp\/v2\/posts\/32482\/revisions"}],"predecessor-version":[{"id":32484,"href":"https:\/\/zonaroja.com.mx\/index.php?rest_route=\/wp\/v2\/posts\/32482\/revisions\/32484"}],"wp:featuredmedia":[{"embeddable":true,"href":"https:\/\/zonaroja.com.mx\/index.php?rest_route=\/wp\/v2\/media\/32483"}],"wp:attachment":[{"href":"https:\/\/zonaroja.com.mx\/index.php?rest_route=%2Fwp%2Fv2%2Fmedia&parent=32482"}],"wp:term":[{"taxonomy":"category","embeddable":true,"href":"https:\/\/zonaroja.com.mx\/index.php?rest_route=%2Fwp%2Fv2%2Fcategories&post=32482"},{"taxonomy":"post_tag","embeddable":true,"href":"https:\/\/zonaroja.com.mx\/index.php?rest_route=%2Fwp%2Fv2%2Ftags&post=32482"}],"curies":[{"name":"wp","href":"https:\/\/api.w.org\/{rel}","templated":true}]}}