{"id":32487,"date":"2021-09-26T20:17:14","date_gmt":"2021-09-27T01:17:14","guid":{"rendered":"http:\/\/www.zonaroja.com.mx\/?p=32487"},"modified":"2021-09-26T20:17:16","modified_gmt":"2021-09-27T01:17:16","slug":"suman-6-asesinados-a-balazos-hoy-en-oaxaca-tres-en-union-hidalgo-y-uno-en-amoltepec","status":"publish","type":"post","link":"https:\/\/zonaroja.com.mx\/?p=32487","title":{"rendered":"Suman 6 asesinados a balazos hoy en Oaxaca; tres en Uni\u00f3n Hidalgo y uno en Amoltepec"},"content":{"rendered":"\n<p>Ismael Garc\u00eda M.\/Zona Roja.<\/p>\n\n\n\n<p>Oaxaca de Ju\u00e1rez, Oax., 26 de septiembre de 2021.- A seis ascendi\u00f3 el n\u00famero de personas asesinadas este domingo en Oaxaca, todas por disparo de arma de fuego.<\/p>\n\n\n\n<p>Alrededor de las 15:00 horas, en el municipio de Uni\u00f3n Hidalgo fueron baleadas tres personas del sexo masculino, en un domicilio de la calle Aldama esquina con 24 de Febrero, del barrio Inocente.<\/p>\n\n\n\n<p>Uno muri\u00f3 en el lugar, identificado como Alejandro Carrasco Medina, y los otros en un hospital de Juchit\u00e1n, de donde los familiares sacaron los cuerpos para llev\u00e1rselos a su hogar; estos \u00faltimos han sido identificados de manera preliminar como Juan Jes\u00fas Ramos y Jes\u00fas alias \u201cEl Chikipi\u00f1a\u201d.<\/p>\n\n\n\n<p>Elementos de la Agencia Estatal de Investigaciones, dependientes de la Vicefiscal\u00eda Regional del Istmo, arribaron tarde a la zona, para indagar los hechos; el personal de dicha instancia dependiente de la Fiscal\u00eda General del Estado de Oaxaca, asegura que la vicefiscal Liliana Baroja nunca est\u00e1 en su oficina y no atiende los requerimientos laborales.<\/p>\n\n\n\n<p>Por otra parte, esta tarde en Santiago Amoltepec, fue acribillado un profesor, de nombre Magdaleno Hern\u00e1ndez Velasco, en pleno centro de dicho municipio de la regi\u00f3n Sierra Sur.<\/p>\n\n\n\n<p>Hay versiones encontradas, pues unas fuentes aseguran que era asesor del presidente municipal y otras, que era opositor al edil y por lo cual fue asesinado.<\/p>\n\n\n\n<p>Como se inform\u00f3 previamente, un presunto delincuente fue abatido a balazos la ma\u00f1ana de hoy en San Francisco del Mar, municipio de la zona huave del Istmo, tras un enfrentamiento con fuerzas estatales.<\/p>\n\n\n\n<p>Mientras despu\u00e9s del mediod\u00eda, en Santa In\u00e9s Yatzeche fue asesinada una persona con discapacidad, en el exterior de su domicilio, cuando descend\u00eda de su unidad de motor.<\/p>\n","protected":false},"excerpt":{"rendered":"<p>Ismael Garc\u00eda M.\/Zona Roja. Oaxaca de Ju\u00e1rez, Oax., 26 de septiembre de 2021.- A seis&hellip;<\/p>\n","protected":false},"author":2,"featured_media":7486,"comment_status":"closed","ping_status":"open","sticky":false,"template":"","format":"standard","meta":{"_lmt_disableupdate":"","_lmt_disable":"","_jetpack_memberships_contains_paid_content":false,"footnotes":""},"categories":[109,47],"tags":[279],"class_list":["post-32487","post","type-post","status-publish","format-standard","has-post-thumbnail","hentry","category-minuto-a-minuto","category-zona-gris","tag-union-hidalgo"],"jetpack_featured_media_url":"https:\/\/zonaroja.com.mx\/wp-content\/uploads\/2020\/01\/Escena-del-crimen7.jpg","jetpack_sharing_enabled":true,"_links":{"self":[{"href":"https:\/\/zonaroja.com.mx\/index.php?rest_route=\/wp\/v2\/posts\/32487","targetHints":{"allow":["GET"]}}],"collection":[{"href":"https:\/\/zonaroja.com.mx\/index.php?rest_route=\/wp\/v2\/posts"}],"about":[{"href":"https:\/\/zonaroja.com.mx\/index.php?rest_route=\/wp\/v2\/types\/post"}],"author":[{"embeddable":true,"href":"https:\/\/zonaroja.com.mx\/index.php?rest_route=\/wp\/v2\/users\/2"}],"replies":[{"embeddable":true,"href":"https:\/\/zonaroja.com.mx\/index.php?rest_route=%2Fwp%2Fv2%2Fcomments&post=32487"}],"version-history":[{"count":1,"href":"https:\/\/zonaroja.com.mx\/index.php?rest_route=\/wp\/v2\/posts\/32487\/revisions"}],"predecessor-version":[{"id":32488,"href":"https:\/\/zonaroja.com.mx\/index.php?rest_route=\/wp\/v2\/posts\/32487\/revisions\/32488"}],"wp:featuredmedia":[{"embeddable":true,"href":"https:\/\/zonaroja.com.mx\/index.php?rest_route=\/wp\/v2\/media\/7486"}],"wp:attachment":[{"href":"https:\/\/zonaroja.com.mx\/index.php?rest_route=%2Fwp%2Fv2%2Fmedia&parent=32487"}],"wp:term":[{"taxonomy":"category","embeddable":true,"href":"https:\/\/zonaroja.com.mx\/index.php?rest_route=%2Fwp%2Fv2%2Fcategories&post=32487"},{"taxonomy":"post_tag","embeddable":true,"href":"https:\/\/zonaroja.com.mx\/index.php?rest_route=%2Fwp%2Fv2%2Ftags&post=32487"}],"curies":[{"name":"wp","href":"https:\/\/api.w.org\/{rel}","templated":true}]}}