{"id":32489,"date":"2021-09-27T07:06:42","date_gmt":"2021-09-27T12:06:42","guid":{"rendered":"http:\/\/www.zonaroja.com.mx\/?p=32489"},"modified":"2021-09-27T08:10:19","modified_gmt":"2021-09-27T13:10:19","slug":"opinion-el-destape-de-susana-los-caprichos-de-monreal-y-el-berrinche-de-salomon","status":"publish","type":"post","link":"https:\/\/zonaroja.com.mx\/?p=32489","title":{"rendered":"Opini\u00f3n. El destape de Harp; los caprichos de Monreal y el berrinche de Jara"},"content":{"rendered":"\n<p>Ismael Garc\u00eda M.\/Zona Roja.<\/p>\n\n\n\n<p>Oaxaca de Ju\u00e1rez, Oax., 27 de septiembre de 2021.- El informe legislativo de la senadora Susana Harp, respaldada por el dirigente nacional de Morena, Mario Delgado, y por el senador Ricardo Monreal, entre otros, desat\u00f3 un c\u00famulo de pasiones.<\/p>\n\n\n\n<p>Uno, la muy evidente labor medi\u00e1tica de Monreal para intentar, a toda costa, que no pase Susana; dos, insistir que se siga tomando en cuenta a Salom\u00f3n Jara Cruz; tres, principalmente, que se considere una virtual alianza Morena-PVEM para impulsar al otro senador, Ra\u00fal Bola\u00f1os Cacho Cu\u00e9\u2026 lo cual es pr\u00e1cticamente imposible.<\/p>\n\n\n\n<p>S\u00ed, apenas el anuncio de la senadora de apuntarse para la pr\u00f3xima contienda electoral, ya motiv\u00f3 m\u00faltiples reacciones. Por supuesto que no est\u00e1 seguro a\u00fan si ser\u00e1 la candidata, pues primero Morena deber\u00e1 resolver el g\u00e9nero de quien postular\u00e1.<\/p>\n\n\n\n<p>Pero la senadora Harp ni sufre ni se acongoja, contrario a los dem\u00e1s aspirantes; hasta ahora no est\u00e1 empecinada en recorrer el estado con cualquier ocurrencia ni publicitarse en medios informativos, con uso de recursos financieros de otras arcas, como lo hace su compa\u00f1ero senador.<\/p>\n\n\n\n<p>\u201cEn el momento que se abra la oportunidad para anotarse, por supuesto que me voy a anotar para la gubernatura\u201d, fue la frase m\u00e1gica de Susana Harp, flanqueada por Monreal, que desat\u00f3 pasiones y que incluso originar\u00e1n una serie de ataques an\u00f3nimos.<\/p>\n\n\n\n<p>Ello se complement\u00f3 con la postura de Mario Delgado, de afirmar que las mujeres han dado excelentes resultados en Morena, en las recientes elecciones de gubernaturas.<\/p>\n\n\n\n<p>LOS DESLINDES<\/p>\n\n\n\n<p>Pero m\u00e1s tardaron esos posicionamientos que un comunicador a modo &#8211;requerido con anterioridad en la Ciudad de M\u00e9xico para \u201centrevistar\u201d a Monreal y decir que hay tres prospectos, incluyendo el Verde de Cacho Cu\u00e9&#8211; que este senador zacatecano en insistir en su misma cantaleta pol\u00edtica:<\/p>\n\n\n\n<p>Son por lo menos tres aspirantes, Susana, Jara y Ra\u00fal Bola\u00f1os, este \u00faltimo a quien ha utilizado para varios prop\u00f3sitos pol\u00edticos y el \u00faltimo de los cuales result\u00f3 un fracaso, la reelecci\u00f3n del titular de la Suprema Corte de Justicia.<\/p>\n\n\n\n<p>El zacatecano insisti\u00f3, a preguntas a modo, que ve una alianza de Morena con el PVEM, a\u00fan cuando a \u00e9l no le toca decidir, pero prefiere echarle el pleito al Presidente L\u00f3pez Obrador, quien tomar\u00e1 la \u201cdecisi\u00f3n final\u201d, como culp\u00e1ndolo de la pr\u00f3xima determinaci\u00f3n.<\/p>\n\n\n\n<p>A Mario Delgado tambi\u00e9n fue orillado pr\u00e1cticamente, con palabras a modo, en \u201centrevista exclusiva\u201d, a decir que espera la definici\u00f3n de las encuestas, en noviembre, y que por ahora no hay nada para nadie.<\/p>\n\n\n\n<p>EL BERRINCHUDO<\/p>\n\n\n\n<p>Convaleciente, a m\u00e1s de un mes de la operaci\u00f3n en la cabeza, el senador Jara Cruz no ha querido quedarse atr\u00e1s, a sabiendas que mucho del terreno ganado lo va perdiendo poco a poco, por falta de estrategia pol\u00edtica.<\/p>\n\n\n\n<p>D\u00edas antes del informe de Harp, acudi\u00f3 al Senado y se tom\u00f3 la foto con Monreal, solamente para dejar constancia que s\u00ed puede caminar y que est\u00e1 bien de sus facultades mentales, aunque el diagn\u00f3stico m\u00e9dico real sea distinto.<\/p>\n\n\n\n<p>Otra de sus estrategias es incrementar la difusi\u00f3n de sus boletines, cuyos convenios se pagan desde otras arcas, como el Congreso del Estado y algunos municipios; tambi\u00e9n colocar un mayor n\u00famero de lonas en la capital del estado y en el interior, bajo el pretexto de la consulta para la revocaci\u00f3n de mandato de L\u00f3pez Obrador, que se realizar\u00e1 el pr\u00f3ximo a\u00f1o.<\/p>\n\n\n\n<p>Y, justo a la misma hora y el mismo d\u00eda, el pasado viernes, Jara difundi\u00f3 a trav\u00e9s de las redes sociales un \u201ccortometraje\u201d de su acompa\u00f1amiento con Andr\u00e9s Manuel L\u00f3pez Obrador, que no es m\u00e1s que una recopilaci\u00f3n de fotograf\u00edas y videos con el hoy mandatario, que desde hace mucho ya no lo tiene entre sus prioridades.<\/p>\n\n\n\n<p>En su desesperaci\u00f3n, a pesar de las recomendaciones m\u00e9dicas, Jara sali\u00f3 de nuevo a las calles, desde su residencia en San Mart\u00edn Mexic\u00e1pam, para ir a tomarse una foto con el Arzobispo de Antequera Oaxaca. Ello desobedeciendo las indicaciones de su m\u00e9dico, que le ha recomendado absoluto reposo, por lo menos otro mes.<\/p>\n\n\n\n<p>En tanto, Ra\u00fal Bola\u00f1os Cacho sigue enga\u00f1ado por Monreal y recientemente hizo lo propio al difundir fotograf\u00edas con Mario Delgado. \u00bfEl director del ISSSTE, Luis Antonio Ram\u00edrez? Cada vez m\u00e1s solo&#8230; y con m\u00e1s reclamos en su labor.<\/p>\n\n\n\n<p>\u00bfQU\u00c9 QUIERE MONREAL?<\/p>\n\n\n\n<p>Volviendo a Monreal, desde hace muchos meses ya no est\u00e1 en el \u00e1nimo del Presidente L\u00f3pez Obrador, pues ha sido pillado en diversas ocasiones en sus maniobras truculentas, en negociaciones oscuras que averg\u00fcenzan a la 4T; en contubernios con el PRI y el PAN, as\u00ed como el PT, para posicionarse rumbo a la presidencia del pa\u00eds.<\/p>\n\n\n\n<p>Pero sobre todo, fortaleciendo su partido, Fuerza por M\u00e9xico, en colaboraci\u00f3n con el senador Pedro Haces Barba, tambi\u00e9n en previsi\u00f3n a ser desechado por Morena.<\/p>\n\n\n\n<p>Por cierto, en los pr\u00f3ximos d\u00edas, Fuerza por M\u00e9xico relanzar\u00e1 su imagen en aras de recuperar su registro como partido pol\u00edtico, con frases como \u201cRosa Mexicano (color que distingue al partido), tu fuerza\u201d; pero, las dos primeras iniciales, RM, son de manera \u201ccoincidente\u201d, tambi\u00e9n las de Ricardo Monreal.<\/p>\n\n\n\n<p>Apenas este domingo, a trav\u00e9s de Milenio, el zacatecano se declar\u00f3 listo para buscar la Presidencia de la Rep\u00fablica; \u201cYo ser\u00eda el mejor y m\u00e1s aut\u00e9ntico continuador de la 4T\u201d, dijo a dicho medio informativa, olvidando su pasado priista y perredista; olvidando tambi\u00e9n que no est\u00e1 en la lista de prospectos de L\u00f3pez Obrador. La frase la repite en \u00abEl Universal\u00bb y otros medios.<\/p>\n\n\n\n<p>VOCERO MENOSPRECIADO<\/p>\n\n\n\n<p>En ese contexto, el mismo d\u00eda del tercer informe de Susana Harp, surgieron tambi\u00e9n se\u00f1alamientos de diversos actores pol\u00edticos morenistas &#8211;que ZONA ROJA ya hab\u00eda adelantado desde hace varias semanas&#8211;, acerca de la incursi\u00f3n de Alfonso Mart\u00ednez C\u00f3rdova, el ex vocero de Alejandro Murat,  en el equipo de campa\u00f1a de la senadora.<\/p>\n\n\n\n<p>Incluso, de acuerdo con diversas fuentes informativas, envi\u00f3 a un equipo ex profeso el pasado viernes a la capital, para difundir el informe legislativo. Sin embargo, de inmediato han surgido tambi\u00e9n las cr\u00edticas entre los morenistas, hacia C\u00f3rdova, por su pasado de corrupci\u00f3n en el actual sexenio; las propiedades que adquiri\u00f3 en Oaxaca; el dinero de Oaxaca que ha invertido en medios de comunicaci\u00f3n nacionales, entre ellos \u00abEl Universal\u00bb y \u00abEl Heraldo\u00bb, \u00abLa Octava\u00bb, entre otros.<\/p>\n\n\n\n<p>Lo cierto es que esta semana inicia la revisi\u00f3n y purga en el equipo de campa\u00f1a de Susana Harp, pues la mayor\u00eda de quienes toman decisiones en ese equipo no quieren a Mart\u00ednez C\u00f3rdova, por su menosprecio a la prensa oaxaque\u00f1a, por su arrogancia y por varias cuentas pendientes con el erario.<\/p>\n\n\n\n<p>MENUDENCIAS<\/p>\n\n\n\n<p>La trama del \u00abMai Mai\u00bb, V\u00edctor Manuel \u00c1lvarez Puga sigue repercutiendo en Oaxaca y en los pr\u00f3ximos d\u00edas saldr\u00e1n a relucir m\u00e1s nombres.<\/p>\n\n\n\n<p>Adem\u00e1s de que se confirman diversos nexos de Samuel Gurri\u00f3n con Sergio Castro L\u00f3pez, tutor de \u00c1lvarez Puga, aparecer\u00e1n nombres de ex funcionarios de Gabino Cu\u00e9, como Alberto Vargas Varela y Jorge Castillo, e incluso de funcionarios del actual gobierno de Alejandro Murat.<\/p>\n\n\n\n<p>Tambi\u00e9n, la explicaci\u00f3n del departamento de lujo de Castro en Polanco, Ciudad de M\u00e9xico, y que fue ocupado posteriormente por el entonces senador Benjam\u00edn Robles y luego por Arturo Peimbert Calvo y Gerardo Rej\u00f3n; por cierto, \u00bfqu\u00e9 relaci\u00f3n tiene con ese caso el nuevo restaurante inaugurado hace una semana por Arturo Peimbert y Gerardo Rej\u00f3n?<\/p>\n\n\n\n<p>Hay demasiadas pistas que pondr\u00e1n a temblar a pol\u00edticos recientes y actuales. Al tiempo.<\/p>\n\n\n\n<p><\/p>\n","protected":false},"excerpt":{"rendered":"<p>Ismael Garc\u00eda M.\/Zona Roja. Oaxaca de Ju\u00e1rez, Oax., 27 de septiembre de 2021.- El informe&hellip;<\/p>\n","protected":false},"author":2,"featured_media":7610,"comment_status":"closed","ping_status":"open","sticky":false,"template":"","format":"standard","meta":{"_lmt_disableupdate":"","_lmt_disable":"","_jetpack_memberships_contains_paid_content":false,"footnotes":""},"categories":[456,109,48],"tags":[1353],"class_list":["post-32489","post","type-post","status-publish","format-standard","has-post-thumbnail","hentry","category-columna","category-minuto-a-minuto","category-zona-critica","tag-opinion-zona-critica"],"jetpack_featured_media_url":"https:\/\/zonaroja.com.mx\/wp-content\/uploads\/2020\/01\/Opini\u00f3n-Zona-Cr\u00edtica.jpg","jetpack_sharing_enabled":true,"_links":{"self":[{"href":"https:\/\/zonaroja.com.mx\/index.php?rest_route=\/wp\/v2\/posts\/32489","targetHints":{"allow":["GET"]}}],"collection":[{"href":"https:\/\/zonaroja.com.mx\/index.php?rest_route=\/wp\/v2\/posts"}],"about":[{"href":"https:\/\/zonaroja.com.mx\/index.php?rest_route=\/wp\/v2\/types\/post"}],"author":[{"embeddable":true,"href":"https:\/\/zonaroja.com.mx\/index.php?rest_route=\/wp\/v2\/users\/2"}],"replies":[{"embeddable":true,"href":"https:\/\/zonaroja.com.mx\/index.php?rest_route=%2Fwp%2Fv2%2Fcomments&post=32489"}],"version-history":[{"count":2,"href":"https:\/\/zonaroja.com.mx\/index.php?rest_route=\/wp\/v2\/posts\/32489\/revisions"}],"predecessor-version":[{"id":32503,"href":"https:\/\/zonaroja.com.mx\/index.php?rest_route=\/wp\/v2\/posts\/32489\/revisions\/32503"}],"wp:featuredmedia":[{"embeddable":true,"href":"https:\/\/zonaroja.com.mx\/index.php?rest_route=\/wp\/v2\/media\/7610"}],"wp:attachment":[{"href":"https:\/\/zonaroja.com.mx\/index.php?rest_route=%2Fwp%2Fv2%2Fmedia&parent=32489"}],"wp:term":[{"taxonomy":"category","embeddable":true,"href":"https:\/\/zonaroja.com.mx\/index.php?rest_route=%2Fwp%2Fv2%2Fcategories&post=32489"},{"taxonomy":"post_tag","embeddable":true,"href":"https:\/\/zonaroja.com.mx\/index.php?rest_route=%2Fwp%2Fv2%2Ftags&post=32489"}],"curies":[{"name":"wp","href":"https:\/\/api.w.org\/{rel}","templated":true}]}}