{"id":32499,"date":"2021-09-27T07:36:29","date_gmt":"2021-09-27T12:36:29","guid":{"rendered":"http:\/\/www.zonaroja.com.mx\/?p=32499"},"modified":"2021-09-27T07:36:33","modified_gmt":"2021-09-27T12:36:33","slug":"muere-otro-individuo-en-la-ciudad-de-oaxaca-tras-ser-agredido-con-machete","status":"publish","type":"post","link":"https:\/\/zonaroja.com.mx\/?p=32499","title":{"rendered":"Muere otro individuo en la ciudad de Oaxaca, tras ser agredido con machete"},"content":{"rendered":"\n<p>Redacci\u00f3n\/Zona Roja.<\/p>\n\n\n\n<p>Oaxaca de Ju\u00e1rez, Oax., 27 de septiembre de 2021.- La madrugada de ayer domingo perdi\u00f3 la vida en un hospital un individuo atacado a machetazos en la ciudad de Oaxaca, la noche del s\u00e1bado.<\/p>\n\n\n\n<p>Los hechos ocurrieron cerca de la media noche en la calle 9 de Septiembre de la agencia municipal de Cinco Se\u00f1ores, donde fue agredido el hombre, de aproximadamente 35 a\u00f1os de edad.<\/p>\n\n\n\n<p>Los vecinos del lugar reportaron que hubo una ri\u00f1a y por lo cual una persona qued\u00f3 tendida con lesiones de gravedad.<\/p>\n\n\n\n<p>Tras ello, integrantes del grupo de param\u00e9dicos \u201cLobos\u201d arribaron al lugar, donde procedieron a bridarle atenci\u00f3n m\u00e9dica a un hombre, quien no pudo proporcionar sus generales.<\/p>\n\n\n\n<p>Los rescatistas confirmaron que el hombre estaba delicado de salud y por lo cual fue trasladado de emergencia al hospital civil \u201cDr. Aurelio Valdivieso\u201d, donde qued\u00f3 internado.<\/p>\n\n\n\n<p>Sin embargo, debido a la gravedad de las heridas, perdi\u00f3 la vida la madrugada de ayer domingo.<\/p>\n\n\n\n<p>La Fiscal\u00eda General del Estado de Oaxaca no tiene hasta ahora indicios de qui\u00e9n o qui\u00e9nes mataron a machetazos al sujeto, hasta ahora no identificado de manera oficial.<\/p>\n","protected":false},"excerpt":{"rendered":"<p>Redacci\u00f3n\/Zona Roja. Oaxaca de Ju\u00e1rez, Oax., 27 de septiembre de 2021.- La madrugada de ayer&hellip;<\/p>\n","protected":false},"author":2,"featured_media":32500,"comment_status":"closed","ping_status":"open","sticky":false,"template":"","format":"standard","meta":{"_lmt_disableupdate":"","_lmt_disable":"","_jetpack_memberships_contains_paid_content":false,"footnotes":""},"categories":[109,51],"tags":[148],"class_list":["post-32499","post","type-post","status-publish","format-standard","has-post-thumbnail","hentry","category-minuto-a-minuto","category-zona-roja","tag-oaxaca-de-juarez"],"jetpack_featured_media_url":"https:\/\/zonaroja.com.mx\/wp-content\/uploads\/2021\/09\/Asesinado-ciudad-de-Oaxaca.jpg","jetpack_sharing_enabled":true,"_links":{"self":[{"href":"https:\/\/zonaroja.com.mx\/index.php?rest_route=\/wp\/v2\/posts\/32499","targetHints":{"allow":["GET"]}}],"collection":[{"href":"https:\/\/zonaroja.com.mx\/index.php?rest_route=\/wp\/v2\/posts"}],"about":[{"href":"https:\/\/zonaroja.com.mx\/index.php?rest_route=\/wp\/v2\/types\/post"}],"author":[{"embeddable":true,"href":"https:\/\/zonaroja.com.mx\/index.php?rest_route=\/wp\/v2\/users\/2"}],"replies":[{"embeddable":true,"href":"https:\/\/zonaroja.com.mx\/index.php?rest_route=%2Fwp%2Fv2%2Fcomments&post=32499"}],"version-history":[{"count":1,"href":"https:\/\/zonaroja.com.mx\/index.php?rest_route=\/wp\/v2\/posts\/32499\/revisions"}],"predecessor-version":[{"id":32501,"href":"https:\/\/zonaroja.com.mx\/index.php?rest_route=\/wp\/v2\/posts\/32499\/revisions\/32501"}],"wp:featuredmedia":[{"embeddable":true,"href":"https:\/\/zonaroja.com.mx\/index.php?rest_route=\/wp\/v2\/media\/32500"}],"wp:attachment":[{"href":"https:\/\/zonaroja.com.mx\/index.php?rest_route=%2Fwp%2Fv2%2Fmedia&parent=32499"}],"wp:term":[{"taxonomy":"category","embeddable":true,"href":"https:\/\/zonaroja.com.mx\/index.php?rest_route=%2Fwp%2Fv2%2Fcategories&post=32499"},{"taxonomy":"post_tag","embeddable":true,"href":"https:\/\/zonaroja.com.mx\/index.php?rest_route=%2Fwp%2Fv2%2Ftags&post=32499"}],"curies":[{"name":"wp","href":"https:\/\/api.w.org\/{rel}","templated":true}]}}