{"id":3250,"date":"2019-08-21T07:27:16","date_gmt":"2019-08-21T12:27:16","guid":{"rendered":"http:\/\/www.zonaroja.com.mx\/?p=3250"},"modified":"2019-08-21T07:27:18","modified_gmt":"2019-08-21T12:27:18","slug":"la-negra-realidad-de-la-violencia-contra-las-mujeres-en-oaxaca","status":"publish","type":"post","link":"https:\/\/zonaroja.com.mx\/?p=3250","title":{"rendered":"La negra realidad de la violencia contra las mujeres en Oaxaca"},"content":{"rendered":"\n<p>Redacci\u00f3n\/Zona\nRoja.<\/p>\n\n\n\n<p>Oaxaca de\nJu\u00e1rez, Oax., 21 de agosto de 2019.- La violencia contra las mujeres registra\ncifras graves para este sector de la poblaci\u00f3n de Oaxaca, que recientemente ha\nprotestado contra la violencia y la impunidad en los delitos.<\/p>\n\n\n\n<p>Seg\u00fan las cifras\ndel Secretariado Ejecutivo del Sistema Nacional de Seguridad P\u00fablica (SESNSP),\nde enero a julio de este a\u00f1o, la Fiscal\u00eda de Oaxaca inici\u00f3 258 carpetas de investigaci\u00f3n\npor violaci\u00f3n simple y 111 por violaci\u00f3n equiparada.<\/p>\n\n\n\n<p>Asimismo,\n357 por abuso sexual, 86 por acoso sexual, 40 por hostigamiento sexual y otros\n31 casos por otros delitos que atentan contra la libertad y la seguridad\nsexual.<\/p>\n\n\n\n<p>No obstante,\npese al creciente aumento de asesinatos de mujeres, en ese lapso la Fiscal\u00eda\nGeneral del Estado s\u00f3lo reconoce 18 v\u00edctimas de feminicidio, de los cuales\ncinco se perpetraron con armas de fuego.<\/p>\n\n\n\n<p>Las cifras\ncontrastan con las de Consorcio para el Di\u00e1logo, que reporta a la fecha 336\ncr\u00edmenes en contra de las mujeres, de las cuales aproximadamente 90\ncorresponden a este a\u00f1o.<\/p>\n\n\n\n<p>Seg\u00fan el\nGrupo de Estudios de la Mujer \u201cRosario Castellanos\u201d, del 1 de enero al 19 de\nagosto de este a\u00f1o se han perpetrado 87 feminicidios.<\/p>\n\n\n\n<p>EL PA\u00cdS,\nIGUAL<\/p>\n\n\n\n<p>Por otra\nparte, a nivel nacional, la violencia ha escalado; los feminicidios aumentaron\n150 por ciento en los \u00faltimos cuatro a\u00f1os y las violaciones se incrementaron 37\npor ciento en el mismo periodo, seg\u00fan datos oficiales, report\u00f3 el peri\u00f3dico \u201cReforma\u201d.<\/p>\n\n\n\n<p>Indic\u00f3 que en\nlos primeros siete meses de 2019, las Fiscal\u00edas y Procuradur\u00edas estatales\niniciaron 540 carpetas de investigaci\u00f3n por feminicidio, mientras que en 2015\nse contabilizaron 216.<\/p>\n\n\n\n<p>Es decir,\nque el promedio diario pas\u00f3 de 1 a 2.5, de acuerdo con el Secretariado Ejecutivo\ndel Sistema Nacional de Seguridad P\u00fablica (SESNSP), que reporta ese delito de\n2015 a la fecha.<\/p>\n\n\n\n<p>El a\u00f1o\npasado, los estados reportaron 494 feminicidios entre enero y julio, 46 casos\nmenos que este a\u00f1o.<\/p>\n\n\n\n<p>Las cifras\ndel SESNP indican que en enero se abrieron 71 carpetas, en febrero 70, en marzo\n84, en abril 74, en mayo 75, en junio 81 y el mes pasado 85.<\/p>\n\n\n\n<p>Mar\u00eda de la\nLuz Estrada, coordinadora del Observatorio Ciudadano Nacional del Feminicidio\n(OCNF), consider\u00f3 que las pol\u00edticas para combatir la violencia de g\u00e9nero han\nsido un fracaso.<\/p>\n\n\n\n<p>\u00abSe\ngeneran instrumentos y la autoridad no los aplica, hay un problema de\nimplementaci\u00f3n y de evaluaci\u00f3n; la violencia a las mujeres no se ve como un\nproblema sist\u00e9mico\u00bb, coment\u00f3.<\/p>\n\n\n\n<p>\u00abTenemos\nun problema grave: \u00bfde qu\u00e9 sirven los protocolos si cuando llegan los casos no\nse aplican?; la verdad es que es un fracaso\u00bb.<\/p>\n\n\n\n<p>LAS\nVIOLANCIONES<\/p>\n\n\n\n<p>En cuanto a\nviolaciones, el SESNSP registr\u00f3 9 mil 928 casos entre enero y julio de este\na\u00f1o, 37 por ciento m\u00e1s que los 7 mil 242 reportados en el mismo lapso de 2015.<\/p>\n\n\n\n<p>La cifra de\neste a\u00f1o tambi\u00e9n fue 11 por ciento mayor a la registrada en los primeros siete\nmeses de 2018, que acumularon 8 mil 877 casos.<\/p>\n","protected":false},"excerpt":{"rendered":"<p>Redacci\u00f3n\/Zona Roja. Oaxaca de Ju\u00e1rez, Oax., 21 de agosto de 2019.- La violencia contra las&hellip;<\/p>\n","protected":false},"author":2,"featured_media":3251,"comment_status":"closed","ping_status":"open","sticky":false,"template":"","format":"standard","meta":{"_lmt_disableupdate":"","_lmt_disable":"","_jetpack_memberships_contains_paid_content":false,"footnotes":""},"categories":[109,51],"tags":[97,174],"class_list":["post-3250","post","type-post","status-publish","format-standard","has-post-thumbnail","hentry","category-minuto-a-minuto","category-zona-roja","tag-feminicidios","tag-secretariado-ejecutivo-del-sistema-nacional-de-seguridad-publica"],"jetpack_featured_media_url":"https:\/\/zonaroja.com.mx\/wp-content\/uploads\/2019\/08\/Femincidio-5.png","jetpack_sharing_enabled":true,"_links":{"self":[{"href":"https:\/\/zonaroja.com.mx\/index.php?rest_route=\/wp\/v2\/posts\/3250","targetHints":{"allow":["GET"]}}],"collection":[{"href":"https:\/\/zonaroja.com.mx\/index.php?rest_route=\/wp\/v2\/posts"}],"about":[{"href":"https:\/\/zonaroja.com.mx\/index.php?rest_route=\/wp\/v2\/types\/post"}],"author":[{"embeddable":true,"href":"https:\/\/zonaroja.com.mx\/index.php?rest_route=\/wp\/v2\/users\/2"}],"replies":[{"embeddable":true,"href":"https:\/\/zonaroja.com.mx\/index.php?rest_route=%2Fwp%2Fv2%2Fcomments&post=3250"}],"version-history":[{"count":1,"href":"https:\/\/zonaroja.com.mx\/index.php?rest_route=\/wp\/v2\/posts\/3250\/revisions"}],"predecessor-version":[{"id":3252,"href":"https:\/\/zonaroja.com.mx\/index.php?rest_route=\/wp\/v2\/posts\/3250\/revisions\/3252"}],"wp:featuredmedia":[{"embeddable":true,"href":"https:\/\/zonaroja.com.mx\/index.php?rest_route=\/wp\/v2\/media\/3251"}],"wp:attachment":[{"href":"https:\/\/zonaroja.com.mx\/index.php?rest_route=%2Fwp%2Fv2%2Fmedia&parent=3250"}],"wp:term":[{"taxonomy":"category","embeddable":true,"href":"https:\/\/zonaroja.com.mx\/index.php?rest_route=%2Fwp%2Fv2%2Fcategories&post=3250"},{"taxonomy":"post_tag","embeddable":true,"href":"https:\/\/zonaroja.com.mx\/index.php?rest_route=%2Fwp%2Fv2%2Ftags&post=3250"}],"curies":[{"name":"wp","href":"https:\/\/api.w.org\/{rel}","templated":true}]}}