{"id":32504,"date":"2021-09-27T08:26:50","date_gmt":"2021-09-27T13:26:50","guid":{"rendered":"http:\/\/www.zonaroja.com.mx\/?p=32504"},"modified":"2021-09-27T08:26:56","modified_gmt":"2021-09-27T13:26:56","slug":"denuncia-seccion-22-desatencion-del-issste-a-docente-con-covid","status":"publish","type":"post","link":"https:\/\/zonaroja.com.mx\/?p=32504","title":{"rendered":"Denuncia Secci\u00f3n 22 desatenci\u00f3n del ISSSTE a docente con Covid"},"content":{"rendered":"\n<p>Redacci\u00f3n\/Zona Roja.<\/p>\n\n\n\n<p>Oaxaca de Ju\u00e1rez, Oax., 27 de septiembre de 2021.- Mientras el director general del ISSSTE contin\u00faa con sus giras proselitistas por Oaxaca, las quejas contra la instituci\u00f3n por p\u00e9simo servicio, contin\u00faan.<\/p>\n\n\n\n<p>Ahora fue la Secci\u00f3n 22 del Sindicato Nacional de Trabajadores de la Educaci\u00f3n (SNTE) que recrimin\u00f3 la falta de atenci\u00f3n a un docente de Santo Domingo Tehuantepec, con diagn\u00f3stico de Covid-19 y dengue.<\/p>\n\n\n\n<p>Se trata de Carlos Hern\u00e1ndez Rodr\u00edguez, profesor de la escuela primaria \u201cCarlos A. Carrillo en la regi\u00f3n del Istmo de Tehuantepec, quien se encuentra bajo cuidados intensivos en su domicilio, con un doctor particular, \u201cante la falta de atenci\u00f3n del ISSSTE\u201d.<\/p>\n\n\n\n<p>As\u00ed lo recrimin\u00f3 la delegaci\u00f3n D-I-35 de la gremial, en un documento signado por la secretaria de Previsi\u00f3n Social, Ana Rosa Garc\u00eda V\u00e1squez, y el secretario General Durvin Vicente Andr\u00e9s.<\/p>\n\n\n\n<p>Exponen que el docente requiere al menos dos tanques de ox\u00edgeno al d\u00eda y medicamentos de altos costos, por lo cual piden apoyos econ\u00f3micos al n\u00famero de cuenta 5579 1002 9564 1821.<\/p>\n\n\n\n<p>\u201cLos exhortamos a la solidaridad en este momento tan cr\u00edtico para nuestro compa\u00f1ero y su familia, como comit\u00e9 confiamos que se actuar\u00e1 con conciencia y humanismo, por el cumplimiento de dicha invitaci\u00f3n\u201d, refiere.<\/p>\n","protected":false},"excerpt":{"rendered":"<p>Redacci\u00f3n\/Zona Roja. Oaxaca de Ju\u00e1rez, Oax., 27 de septiembre de 2021.- Mientras el director general&hellip;<\/p>\n","protected":false},"author":2,"featured_media":32478,"comment_status":"closed","ping_status":"open","sticky":false,"template":"","format":"standard","meta":{"_lmt_disableupdate":"","_lmt_disable":"","_jetpack_memberships_contains_paid_content":false,"footnotes":""},"categories":[47],"tags":[312],"class_list":["post-32504","post","type-post","status-publish","format-standard","has-post-thumbnail","hentry","category-zona-gris","tag-seccion-22-del-snte"],"jetpack_featured_media_url":"https:\/\/zonaroja.com.mx\/wp-content\/uploads\/2021\/09\/Oficio-Seccion-22-Istmo-ISSSTE.jpg","jetpack_sharing_enabled":true,"_links":{"self":[{"href":"https:\/\/zonaroja.com.mx\/index.php?rest_route=\/wp\/v2\/posts\/32504","targetHints":{"allow":["GET"]}}],"collection":[{"href":"https:\/\/zonaroja.com.mx\/index.php?rest_route=\/wp\/v2\/posts"}],"about":[{"href":"https:\/\/zonaroja.com.mx\/index.php?rest_route=\/wp\/v2\/types\/post"}],"author":[{"embeddable":true,"href":"https:\/\/zonaroja.com.mx\/index.php?rest_route=\/wp\/v2\/users\/2"}],"replies":[{"embeddable":true,"href":"https:\/\/zonaroja.com.mx\/index.php?rest_route=%2Fwp%2Fv2%2Fcomments&post=32504"}],"version-history":[{"count":1,"href":"https:\/\/zonaroja.com.mx\/index.php?rest_route=\/wp\/v2\/posts\/32504\/revisions"}],"predecessor-version":[{"id":32505,"href":"https:\/\/zonaroja.com.mx\/index.php?rest_route=\/wp\/v2\/posts\/32504\/revisions\/32505"}],"wp:featuredmedia":[{"embeddable":true,"href":"https:\/\/zonaroja.com.mx\/index.php?rest_route=\/wp\/v2\/media\/32478"}],"wp:attachment":[{"href":"https:\/\/zonaroja.com.mx\/index.php?rest_route=%2Fwp%2Fv2%2Fmedia&parent=32504"}],"wp:term":[{"taxonomy":"category","embeddable":true,"href":"https:\/\/zonaroja.com.mx\/index.php?rest_route=%2Fwp%2Fv2%2Fcategories&post=32504"},{"taxonomy":"post_tag","embeddable":true,"href":"https:\/\/zonaroja.com.mx\/index.php?rest_route=%2Fwp%2Fv2%2Ftags&post=32504"}],"curies":[{"name":"wp","href":"https:\/\/api.w.org\/{rel}","templated":true}]}}