{"id":32506,"date":"2021-09-27T08:43:24","date_gmt":"2021-09-27T13:43:24","guid":{"rendered":"http:\/\/www.zonaroja.com.mx\/?p=32506"},"modified":"2021-09-27T08:43:28","modified_gmt":"2021-09-27T13:43:28","slug":"destapan-presunta-corrupcion-en-poder-judicial-por-disputa-de-cargos","status":"publish","type":"post","link":"https:\/\/zonaroja.com.mx\/?p=32506","title":{"rendered":"Destapan presunta corrupci\u00f3n en Poder Judicial por disputa de cargos"},"content":{"rendered":"\n<p>Redacci\u00f3n\/Zona Roja.<\/p>\n\n\n\n<p>Oaxaca de Ju\u00e1rez, Oax., 27 de septiembre de 2021.- La asociaci\u00f3n civil \u201cOaxaque\u00f1os contra la Corrupci\u00f3n\u201d revel\u00f3 una presunta rede corrupci\u00f3n en el Poder Judicial del Estado, encabezada por Alfredo Lagunas Rivera, en la disputa por las magistraturas y otros cargos vacantes.<\/p>\n\n\n\n<p>Apenas el pasado mi\u00e9rcoles, el Congreso del Estado resolvi\u00f3 no ratificar a Ana Mireya Santos L\u00f3pez y Ren\u00e9 Hern\u00e1ndez Reyes, \u201cpor no cumplir con los requisitos establecidos en la ley\u201d; en cambio, ratific\u00f3 como magistrado a Luis Enrique Cordero Aguilar. Est\u00e1n pendientes otras designaciones en el \u00f3rgano de combate a la corrupci\u00f3n.<\/p>\n\n\n\n<p>De acuerdo con el organismo civil, \u201cla red de corrupci\u00f3n de afines de Gabino Cu\u00e9 Monteagudo, no termina de afectar al estado de Oaxaca; el magistrado del Poder Judicial del Estado de Oaxaca, Alfredo Lagunas Rivera, y parte del Comit\u00e9 Coordinador del Sistema de Combate a la Corrupci\u00f3n, a trav\u00e9s de una red de corrupci\u00f3n en el Poder Judicial de la Federaci\u00f3n, Delegaci\u00f3n Oaxaca, ha frenado reformas y nombramientos en materia del Sistema Anticorrupci\u00f3n y administraci\u00f3n de justicia\u201d<\/p>\n\n\n\n<p>\u201cJes\u00fas Valdivieso L\u00f3pez, encargado de despacho del D\u00e9cimo Primer Juzgado de Distrito del Poder Judicial de la Federaci\u00f3n, con una evidente ignorancia de la operaci\u00f3n del Sistema de Combate a la Corrupci\u00f3n, en un claro abuso de funciones ha tomado decisiones &nbsp;que afectan al inter\u00e9s p\u00fablico y la colectividad, beneficiando a promoventes afines a Lagunas Rivera, como lo son&nbsp; Francisco Pablo Mungu\u00eda Gayt\u00e1n y Jos\u00e9 Juan Flores Guzman.<\/p>\n\n\n\n<p>\u201cA trav\u00e9s de suspensiones provisionales y \u00abdifirimientos\u00bb de la audiencia incidental, alargan las suspensiones de estos, para efecto de que sigan cobrando en el Comit\u00e9 de Participaci\u00f3n Ciudadana del Sistema Estatal de Combate a la Corrupci\u00f3n, un salario de 100 mil pesos\u201d, expone.<\/p>\n\n\n\n<p>A\u00f1ade que la autonom\u00eda, defensa de la Constituci\u00f3n e integridad que se vanaglorian los juzgados federales y Arturo Fernando Zald\u00edvar, ha sido trastocada por la red de corrupci\u00f3n que ha emprendido Alfredo Lagunas Rivera, \u201cquien por padrinazgos controla el Juzgado D\u00e9cimo Primero de Distrito, del Poder Judicial de la Federaci\u00f3n en el Estado de Oaxaca, junto a otros Juzgados\u201d.<\/p>\n\n\n\n<p>Invita a analizar el auto del 5 y&nbsp; 9 de agosto de 2021 dentro del amparo 629\/2021 y 659\/2021, decretado por Jes\u00fas Valdivieso L\u00f3pez, encargado de despacho del D\u00e9cimo Tercer Distrito en el Estado de Oaxaca.<\/p>\n\n\n\n<p>Conforme a la demanda de amparo, realizada por Jos\u00e9 Juan Flores Guzm\u00e1n y Francisco Pablo Mungu\u00eda Gaytan, solicitaron la suspensi\u00f3n provisional para los siguientes efectos:<\/p>\n\n\n\n<p>1. Solicito la suspensi\u00f3n de todo el procedimiento iniciado para la extinci\u00f3n del Comit\u00e9 de Participaci\u00f3n Ciudadana, ordenado en la convocatoria.<\/p>\n\n\n\n<p>2. Solicito la suspensi\u00f3n de los actos reclamados a la Comisi\u00f3n de Selecci\u00f3n para efecto de que no concluya el procedimiento de designaci\u00f3n de los integrantes del Consejo de Participaci\u00f3n Ciudadana, hasta que se resuelva el presente juicio de amparo.<\/p>\n\n\n\n<p>Aqu\u00ed m\u00e1s detalles de los se\u00f1alamientos:<\/p>\n\n\n\n<figure class=\"wp-block-embed\"><div class=\"wp-block-embed__wrapper\">\nhttps:\/\/oaxaquenosvslacorrupcion.blogspot.com\/2021\/09\/la-red-de-corrupcion-de-lagunas-rivera.html\n<\/div><\/figure>\n","protected":false},"excerpt":{"rendered":"<p>Redacci\u00f3n\/Zona Roja. Oaxaca de Ju\u00e1rez, Oax., 27 de septiembre de 2021.- La asociaci\u00f3n civil \u201cOaxaque\u00f1os&hellip;<\/p>\n","protected":false},"author":2,"featured_media":32507,"comment_status":"closed","ping_status":"open","sticky":false,"template":"","format":"standard","meta":{"_lmt_disableupdate":"","_lmt_disable":"","_jetpack_memberships_contains_paid_content":false,"footnotes":""},"categories":[109,47],"tags":[2003],"class_list":["post-32506","post","type-post","status-publish","format-standard","has-post-thumbnail","hentry","category-minuto-a-minuto","category-zona-gris","tag-oaxaquenos-contra-la-corrupcion"],"jetpack_featured_media_url":"https:\/\/zonaroja.com.mx\/wp-content\/uploads\/2021\/09\/Alfredo-Lagunas-y-otro.jpg","jetpack_sharing_enabled":true,"_links":{"self":[{"href":"https:\/\/zonaroja.com.mx\/index.php?rest_route=\/wp\/v2\/posts\/32506","targetHints":{"allow":["GET"]}}],"collection":[{"href":"https:\/\/zonaroja.com.mx\/index.php?rest_route=\/wp\/v2\/posts"}],"about":[{"href":"https:\/\/zonaroja.com.mx\/index.php?rest_route=\/wp\/v2\/types\/post"}],"author":[{"embeddable":true,"href":"https:\/\/zonaroja.com.mx\/index.php?rest_route=\/wp\/v2\/users\/2"}],"replies":[{"embeddable":true,"href":"https:\/\/zonaroja.com.mx\/index.php?rest_route=%2Fwp%2Fv2%2Fcomments&post=32506"}],"version-history":[{"count":1,"href":"https:\/\/zonaroja.com.mx\/index.php?rest_route=\/wp\/v2\/posts\/32506\/revisions"}],"predecessor-version":[{"id":32508,"href":"https:\/\/zonaroja.com.mx\/index.php?rest_route=\/wp\/v2\/posts\/32506\/revisions\/32508"}],"wp:featuredmedia":[{"embeddable":true,"href":"https:\/\/zonaroja.com.mx\/index.php?rest_route=\/wp\/v2\/media\/32507"}],"wp:attachment":[{"href":"https:\/\/zonaroja.com.mx\/index.php?rest_route=%2Fwp%2Fv2%2Fmedia&parent=32506"}],"wp:term":[{"taxonomy":"category","embeddable":true,"href":"https:\/\/zonaroja.com.mx\/index.php?rest_route=%2Fwp%2Fv2%2Fcategories&post=32506"},{"taxonomy":"post_tag","embeddable":true,"href":"https:\/\/zonaroja.com.mx\/index.php?rest_route=%2Fwp%2Fv2%2Ftags&post=32506"}],"curies":[{"name":"wp","href":"https:\/\/api.w.org\/{rel}","templated":true}]}}