{"id":32511,"date":"2021-09-27T14:46:18","date_gmt":"2021-09-27T19:46:18","guid":{"rendered":"https:\/\/www.zonaroja.com.mx\/?p=32511"},"modified":"2021-09-27T14:46:33","modified_gmt":"2021-09-27T19:46:33","slug":"comerciantes-y-mercaderes-dan-ultimatum-a-edil-morenista-de-oaxaca","status":"publish","type":"post","link":"https:\/\/zonaroja.com.mx\/?p=32511","title":{"rendered":"Comerciantes y mercaderes dan ultim\u00e1tum a edil morenista de Oaxaca"},"content":{"rendered":"\n<p><\/p>\n\n\n\n<p>Evlin Arag\u00f3n\/Zona Roja.&nbsp;<\/p>\n\n\n\n<p>Oaxaca de Ju\u00e1rez, Oax., 27 de septiembre de 2021.-&nbsp;Comerciantes establecidos y locatarios de mercados del Centro Hist\u00f3rico de Oaxaca se pronunciaron en contra de las autoridades municipales, encabezadas por Oswaldo Garc\u00eda Jarqu\u00edn, a quien responsabilizan de la grave crisis de inseguridad, salud y basura que vive la capital.&nbsp;&nbsp;<\/p>\n\n\n\n<p>Lo anterior, independientemente del problema del comercio informal que han denunciado desde hace m\u00e1s de 70 d\u00edas, sin que tengan una respuesta por parte del edil, a quien s\u00f3lo se ha visto en un par de eventos p\u00fablicos en donde incluso se dijo v\u00edctima de violencia medi\u00e1tica.&nbsp;&nbsp;<\/p>\n\n\n\n<p>\u201cLo que tenemos es una molestia enorme con las autoridades que no ejercen el derecho y no aplican el reglamento. No podemos vivir as\u00ed, estamos en plena pandemia y nadie se preocupa por nosotros\u201d, dijo una de las comerciantes,&nbsp;<\/p>\n\n\n\n<p>En conferencia de prensa, pidieron de nueva cuenta la intervenci\u00f3n del gobernador de Oaxaca, Alejandro Murat Hinojosa, y anunciaron que radicalizaran sus protestas en caso de que las autoridades sigan siendo omisas al problema del ambulantaje que han denunciado desde hace meses y que ha convertido al Centro Hist\u00f3rico en una tierra de nadie y sin ley.&nbsp;&nbsp;<\/p>\n\n\n\n<p>\u201cExigimos a la voz de ya que se liberen las calles, vienen las \u00e9pocas que esperamos con ansias los comerciantes para salir de deudas. La gente no quiere bajar al centro y con justa raz\u00f3n con estas aglomeraciones que vemos en las calles debido al comercio informal\u201d, sentenci\u00f3 otra.&nbsp;&nbsp;<\/p>\n\n\n\n<p>Ambos colectivos, de comerciantes y mercaderes, lamentaron que ni el municipio de Oaxaca de Ju\u00e1rez ni el gobierno del estado hayan tomado en serio el problema del ambulantaje que hoy es un tema de car\u00e1cter social que afecta a varios sectores, incluso pone el riesgo la denominaci\u00f3n de Patrimonio Cultural con la que cuenta el Centro Hist\u00f3rico.&nbsp;&nbsp;<\/p>\n\n\n\n<p>As\u00ed mismo, cuestionaron al edil Oswaldo Garc\u00eda Jarqu\u00edn por frecuentar discoteques y antros mientras tiene a la ciudad vuelta un caos, violentando los derechos de toda la poblaci\u00f3n que habita y labora en la capital oaxaque\u00f1a, a quienes exige el pago de impuestos sin que se brinden los servicios correspondientes.&nbsp;&nbsp;<\/p>\n\n\n\n<p>\u201cQue impuestos quiere el presidente que le paguemos: seguridad, no tenemos; alumbrado, no tenemos; recolecci\u00f3n de basura, no tenemos. Que m\u00e1s derivado de los impuestos quiere que la gente pague en las condiciones en las que se encuentra nuestra ciudad\u201d, indicaron.&nbsp;&nbsp;<\/p>\n\n\n\n<p>Finalmente, y ante la omisi\u00f3n del edil y sus regidores, aseguraron que iniciaran una serie de acciones que ir\u00e1n en escalada hasta que las autoridades den soluci\u00f3n a sus demandas de una vez por todas, las cuales que incluyen expender sus productos en las calles tal y como lo hace el comercio ambulante.&nbsp;&nbsp;&nbsp;<\/p>\n\n\n\n<p>Desde hace m\u00e1s de dos meses, representantes del comercio formal y mercados del primer cuadro de la ciudad han exigido soluci\u00f3n al problema del ambulantaje que se sali\u00f3 de control luego del desalojo que hiciera la autoridad municipal del z\u00f3calo y la Alameda de Le\u00f3n, lo anterior sin contar con un plan de reubicaci\u00f3n y atenci\u00f3n.<\/p>\n","protected":false},"excerpt":{"rendered":"<p>Evlin Arag\u00f3n\/Zona Roja.&nbsp; Oaxaca de Ju\u00e1rez, Oax., 27 de septiembre de 2021.-&nbsp;Comerciantes establecidos y locatarios&hellip;<\/p>\n","protected":false},"author":2,"featured_media":32510,"comment_status":"closed","ping_status":"open","sticky":false,"template":"","format":"standard","meta":{"_lmt_disableupdate":"","_lmt_disable":"","_jetpack_memberships_contains_paid_content":false,"footnotes":""},"categories":[109,47],"tags":[],"class_list":["post-32511","post","type-post","status-publish","format-standard","has-post-thumbnail","hentry","category-minuto-a-minuto","category-zona-gris"],"jetpack_featured_media_url":"https:\/\/zonaroja.com.mx\/wp-content\/uploads\/2021\/09\/a7b6b533-c29f-4917-98a8-85a79f4b9099.jpg","jetpack_sharing_enabled":true,"_links":{"self":[{"href":"https:\/\/zonaroja.com.mx\/index.php?rest_route=\/wp\/v2\/posts\/32511","targetHints":{"allow":["GET"]}}],"collection":[{"href":"https:\/\/zonaroja.com.mx\/index.php?rest_route=\/wp\/v2\/posts"}],"about":[{"href":"https:\/\/zonaroja.com.mx\/index.php?rest_route=\/wp\/v2\/types\/post"}],"author":[{"embeddable":true,"href":"https:\/\/zonaroja.com.mx\/index.php?rest_route=\/wp\/v2\/users\/2"}],"replies":[{"embeddable":true,"href":"https:\/\/zonaroja.com.mx\/index.php?rest_route=%2Fwp%2Fv2%2Fcomments&post=32511"}],"version-history":[{"count":1,"href":"https:\/\/zonaroja.com.mx\/index.php?rest_route=\/wp\/v2\/posts\/32511\/revisions"}],"predecessor-version":[{"id":32512,"href":"https:\/\/zonaroja.com.mx\/index.php?rest_route=\/wp\/v2\/posts\/32511\/revisions\/32512"}],"wp:featuredmedia":[{"embeddable":true,"href":"https:\/\/zonaroja.com.mx\/index.php?rest_route=\/wp\/v2\/media\/32510"}],"wp:attachment":[{"href":"https:\/\/zonaroja.com.mx\/index.php?rest_route=%2Fwp%2Fv2%2Fmedia&parent=32511"}],"wp:term":[{"taxonomy":"category","embeddable":true,"href":"https:\/\/zonaroja.com.mx\/index.php?rest_route=%2Fwp%2Fv2%2Fcategories&post=32511"},{"taxonomy":"post_tag","embeddable":true,"href":"https:\/\/zonaroja.com.mx\/index.php?rest_route=%2Fwp%2Fv2%2Ftags&post=32511"}],"curies":[{"name":"wp","href":"https:\/\/api.w.org\/{rel}","templated":true}]}}