{"id":32525,"date":"2021-09-27T22:46:10","date_gmt":"2021-09-28T03:46:10","guid":{"rendered":"http:\/\/www.zonaroja.com.mx\/?p=32525"},"modified":"2021-09-27T22:46:14","modified_gmt":"2021-09-28T03:46:14","slug":"vivio-oaxaca-otro-dia-de-perros-por-protestas-y-bloqueos-segego-ausente","status":"publish","type":"post","link":"https:\/\/zonaroja.com.mx\/?p=32525","title":{"rendered":"Vivi\u00f3 Oaxaca otro d\u00eda de perros por protestas y bloqueos; Segego, ausente"},"content":{"rendered":"\n<p>Redacci\u00f3n\/Zona Roja.<\/p>\n\n\n\n<p>Oaxaca de Ju\u00e1rez, Oax., 27 de septiembre de 2021.- El estado de Oaxaca vivi\u00f3 un lunes fatal, con m\u00faltiples protestas, tanto en la capital como en el interior, principalmente en las regiones Costa, Istmo y Mixteca.<\/p>\n\n\n\n<p>La jornada inici\u00f3 a temprana hora con la \u201ctoma\u201d de autobuses por parte de supuestos normalistas, que se dirigieron a la caseta de peaje de Huitzo, en la supercarretera Oaxaca-M\u00e9xico, donde permanecieron todo el d\u00eda cobrando cuotas para ellos.<\/p>\n\n\n\n<p>Pero dos horas despu\u00e9s de ellos, lleg\u00f3 tambi\u00e9n gente de la Unidad de Bienestar Social de la Regi\u00f3n Triqui (Ubisort) lleg\u00f3 al mismo sitio para cobrar sus propias cuotas, lo que gener\u00f3 confrontaciones verbales.<\/p>\n\n\n\n<p>Trabajadores ya no recontratados por los Servicios de Salud de Oaxaca reanudaron sus movilizaciones, con protestas pac\u00edficas en el crucero vial de la carretera 190 Oaxaca-Istmo con la v\u00eda a Tuxtepec.<\/p>\n\n\n\n<p>Mientras que ex empleados de las seis jurisdicciones sanitarias marcharon de la fuente de las Ocho Regiones al z\u00f3calo de la capital, para instalarse despu\u00e9s en la explanada del templo de Santo Domingo de Guzm\u00e1n.<\/p>\n\n\n\n<p>Mientras tanto, afiliados al STEUABJO se apoderaron de varios camiones del transporte urbano y bloquearon la avenida Universidad, luego el crucero vial de Cinco Se\u00f1ores, en la exigencia de que el Gobierno del Estado les otorgue 12 millones de pesos en bonos; se retiraron despu\u00e9s de las tres de la tarde.<\/p>\n\n\n\n<p>En la carretera federal 200 de la Costa, a la altura de Pinotepa Nacional, la Organizaci\u00f3n Uni\u00f3n de Pueblos por la Transformaci\u00f3n de Oaxaca, efectu\u00f3 un bloqueo a la vialidad que comunica con el estado de Guerrero.<\/p>\n\n\n\n<p>En Huajuapan de Le\u00f3n, en la regi\u00f3n Mixteca, se desat\u00f3 un conflicto en la nueva colonia Alma Mixteca, por la disputa de predios, lo que dej\u00f3 como saldo preliminar una persona lesionada.<\/p>\n\n\n\n<p>En la regi\u00f3n del Istmo es donde se registr\u00f3 el mayor n\u00famero de movilizaciones y cierre de vialidades que comunican con Chiapas y Veracruz.<\/p>\n\n\n\n<p>Varios de ellos, principalmente en Juchit\u00e1n, fueron colocados por la Asamblea de Pueblos Ind\u00edgenas en Defensa de la Tierra y el Territorio, que demandaron alto a la explotaci\u00f3n de los recursos naturales.<\/p>\n\n\n\n<p>Mientras que comuneros de Jalapa del Marqu\u00e9s bloquearon la v\u00eda federal 190 a la altura de ese municipio, por conflictos con las autoridades municipales.<\/p>\n\n\n\n<p>En tanto, habitantes de diversas comunidades de San Miguel Chimalapa bloquearon durante todo el d\u00eda la carretera Trans\u00edstmica, a la altura de la comunidad de La Mata, para demandar al edil Francisco S\u00e1nchez Guti\u00e9rrez la asignaci\u00f3n de recursos presupuestales; se retiraron esta noche pero ma\u00f1ana reanudar\u00e1n sus movilizaciones.<\/p>\n\n\n\n<p>Hasta el momento, la Secretar\u00eda General de Gobierno no ha informado si atendi\u00f3 las demandas ciudadanas.<\/p>\n","protected":false},"excerpt":{"rendered":"<p>Redacci\u00f3n\/Zona Roja. Oaxaca de Ju\u00e1rez, Oax., 27 de septiembre de 2021.- El estado de Oaxaca&hellip;<\/p>\n","protected":false},"author":2,"featured_media":32526,"comment_status":"closed","ping_status":"open","sticky":false,"template":"","format":"standard","meta":{"_lmt_disableupdate":"","_lmt_disable":"","_jetpack_memberships_contains_paid_content":false,"footnotes":""},"categories":[109,47],"tags":[2496],"class_list":["post-32525","post","type-post","status-publish","format-standard","has-post-thumbnail","hentry","category-minuto-a-minuto","category-zona-gris","tag-marchas-y-bloqueos-oaxaca"],"jetpack_featured_media_url":"https:\/\/zonaroja.com.mx\/wp-content\/uploads\/2021\/09\/Bloqueos-Istmo.jpg","jetpack_sharing_enabled":true,"_links":{"self":[{"href":"https:\/\/zonaroja.com.mx\/index.php?rest_route=\/wp\/v2\/posts\/32525","targetHints":{"allow":["GET"]}}],"collection":[{"href":"https:\/\/zonaroja.com.mx\/index.php?rest_route=\/wp\/v2\/posts"}],"about":[{"href":"https:\/\/zonaroja.com.mx\/index.php?rest_route=\/wp\/v2\/types\/post"}],"author":[{"embeddable":true,"href":"https:\/\/zonaroja.com.mx\/index.php?rest_route=\/wp\/v2\/users\/2"}],"replies":[{"embeddable":true,"href":"https:\/\/zonaroja.com.mx\/index.php?rest_route=%2Fwp%2Fv2%2Fcomments&post=32525"}],"version-history":[{"count":1,"href":"https:\/\/zonaroja.com.mx\/index.php?rest_route=\/wp\/v2\/posts\/32525\/revisions"}],"predecessor-version":[{"id":32527,"href":"https:\/\/zonaroja.com.mx\/index.php?rest_route=\/wp\/v2\/posts\/32525\/revisions\/32527"}],"wp:featuredmedia":[{"embeddable":true,"href":"https:\/\/zonaroja.com.mx\/index.php?rest_route=\/wp\/v2\/media\/32526"}],"wp:attachment":[{"href":"https:\/\/zonaroja.com.mx\/index.php?rest_route=%2Fwp%2Fv2%2Fmedia&parent=32525"}],"wp:term":[{"taxonomy":"category","embeddable":true,"href":"https:\/\/zonaroja.com.mx\/index.php?rest_route=%2Fwp%2Fv2%2Fcategories&post=32525"},{"taxonomy":"post_tag","embeddable":true,"href":"https:\/\/zonaroja.com.mx\/index.php?rest_route=%2Fwp%2Fv2%2Ftags&post=32525"}],"curies":[{"name":"wp","href":"https:\/\/api.w.org\/{rel}","templated":true}]}}