{"id":3253,"date":"2019-08-21T07:35:43","date_gmt":"2019-08-21T12:35:43","guid":{"rendered":"http:\/\/www.zonaroja.com.mx\/?p=3253"},"modified":"2019-08-21T07:35:45","modified_gmt":"2019-08-21T12:35:45","slug":"profesora-y-alcaldesa-asesinada-ya-habia-recibido-amenazas-de-muerte","status":"publish","type":"post","link":"https:\/\/zonaroja.com.mx\/?p=3253","title":{"rendered":"Profesora y alcaldesa asesinada ya hab\u00eda recibido amenazas de muerte"},"content":{"rendered":"\n<p>Redacci\u00f3n\/Zona\nRoja.<\/p>\n\n\n\n<p>Oaxaca de\nJu\u00e1rez, Oax., 21 de agosto de 2019.- La profesora y presidenta municipal de San\nJos\u00e9 Estancia Grande, Carmela Parral Santos, ya hab\u00eda recibido amenazas de\nmuerte; sin embargo, las autoridades ministeriales y de seguridad p\u00fablica no\nhicieron nada.<\/p>\n\n\n\n<p>As\u00ed lo\nestableci\u00f3 la Secci\u00f3n 22 del Sindicato Nacional de Trabajadores de la\nEducaci\u00f3n, que pidi\u00f3 a la Fiscal\u00eda General del Estado de Oaxaca no dar \u201ccarpetazo\u201d\nal caso.<\/p>\n\n\n\n<p>Asimismo, exigi\u00f3\ndar de manera inmediata con los responsables del crimen de su compa\u00f1era, quien fue\nasesinada la noche del viernes pasado junto con un funcionario regional de la\nCoordinaci\u00f3n Estatal de Protecci\u00f3n Civil.<\/p>\n\n\n\n<p>\u201cExigimos que la Carpeta de Investigaci\u00f3n 28148\/FCOS\/RIO\/2019 tenga soluci\u00f3n inmediata, no al \u2018carpetazo\u2019, a la impunidad en los feminicidios y homicidios en contra del magisterio de la secci\u00f3n 22\u201d, cita el documento emitido por la gremial.<\/p>\n\n\n\n<figure class=\"wp-block-embed-twitter wp-block-embed is-type-rich is-provider-twitter\"><div class=\"wp-block-embed__wrapper\">\n<div class=\"twitter-tweet\"><blockquote class=\"twitter-tweet\" data-lang=\"es\"><p lang=\"es\" dir=\"ltr\">Castigo a los Asesinos de la Compa\u00f1era Carmela Parral en la Regi\u00f3n de las Costa.<br><br>\u00a1Exigimos Justicia! <a href=\"https:\/\/t.co\/l1DVDzjEUZ\">pic.twitter.com\/l1DVDzjEUZ<\/a><\/p>&mdash; Cencos22 (@Seccion22Cencos) <a href=\"https:\/\/twitter.com\/Seccion22Cencos\/status\/1162821877397516288?ref_src=twsrc%5Etfw\">17 de agosto de 2019<\/a><\/blockquote><\/div>\n<\/div><\/figure>\n\n\n\n<p>Dio a\nconocer que de acuerdo con informaci\u00f3n del Sector 02 del magisterio de Pinotepa\nNacional, la maestra Carmela hab\u00eda recibido amenazas de muerte mismas que denunci\u00f3\nen su momento.<\/p>\n\n\n\n<p>No obstante,\nfueron atendidas por las autoridades, acusando a la Fiscal\u00eda, encabezada por\nRub\u00e9n Vasconcelos M\u00e9ndez, de incapaz para detener la ola de asesinaros en la\nentidad.<\/p>\n\n\n\n<p>En este sentido\nla dirigencia magisterial manifest\u00f3 que el asesinato de la maestra demuestra la\nfalta de tolerancia y respeto al papel que desempe\u00f1a la mujer en la vida\npol\u00edtica y social para beneficio de cada pueblo, estado o pa\u00eds.<\/p>\n\n\n\n<p>Independientemente\nde su puesto pol\u00edtico, destacaron el compromiso que siempre demostr\u00f3 Parral\nSantos con el magisterio, ya que se posicion\u00f3 muchas veces contra los charros\nde la \u201cespuria\u201d 59 y el SITEM para impedir que sus enga\u00f1os auspiciados por\nm\u00f3dulos irregulares se establecieran en la zona coste\u00f1a.<\/p>\n\n\n\n<p>Asegur\u00f3 que\nse reservan su derecho de accionar desde los sectores, regiones o estado para\nexigir justicia para su compa\u00f1era ante la inoperancia de las autoridades, ello\npese a la alarmante inseguridad que se acrecienta en la entidad.<\/p>\n","protected":false},"excerpt":{"rendered":"<p>Redacci\u00f3n\/Zona Roja. Oaxaca de Ju\u00e1rez, Oax., 21 de agosto de 2019.- La profesora y presidenta&hellip;<\/p>\n","protected":false},"author":2,"featured_media":3254,"comment_status":"closed","ping_status":"open","sticky":false,"template":"","format":"standard","meta":{"_lmt_disableupdate":"","_lmt_disable":"","_jetpack_memberships_contains_paid_content":false,"footnotes":""},"categories":[109,51],"tags":[566,576],"class_list":["post-3253","post","type-post","status-publish","format-standard","has-post-thumbnail","hentry","category-minuto-a-minuto","category-zona-roja","tag-asesinan-a-presidenta-municipal-san-jose-estancia-grande","tag-carmela-parral-santos"],"jetpack_featured_media_url":"https:\/\/zonaroja.com.mx\/wp-content\/uploads\/2019\/08\/Carmela-Parral.jpg","jetpack_sharing_enabled":true,"_links":{"self":[{"href":"https:\/\/zonaroja.com.mx\/index.php?rest_route=\/wp\/v2\/posts\/3253","targetHints":{"allow":["GET"]}}],"collection":[{"href":"https:\/\/zonaroja.com.mx\/index.php?rest_route=\/wp\/v2\/posts"}],"about":[{"href":"https:\/\/zonaroja.com.mx\/index.php?rest_route=\/wp\/v2\/types\/post"}],"author":[{"embeddable":true,"href":"https:\/\/zonaroja.com.mx\/index.php?rest_route=\/wp\/v2\/users\/2"}],"replies":[{"embeddable":true,"href":"https:\/\/zonaroja.com.mx\/index.php?rest_route=%2Fwp%2Fv2%2Fcomments&post=3253"}],"version-history":[{"count":1,"href":"https:\/\/zonaroja.com.mx\/index.php?rest_route=\/wp\/v2\/posts\/3253\/revisions"}],"predecessor-version":[{"id":3255,"href":"https:\/\/zonaroja.com.mx\/index.php?rest_route=\/wp\/v2\/posts\/3253\/revisions\/3255"}],"wp:featuredmedia":[{"embeddable":true,"href":"https:\/\/zonaroja.com.mx\/index.php?rest_route=\/wp\/v2\/media\/3254"}],"wp:attachment":[{"href":"https:\/\/zonaroja.com.mx\/index.php?rest_route=%2Fwp%2Fv2%2Fmedia&parent=3253"}],"wp:term":[{"taxonomy":"category","embeddable":true,"href":"https:\/\/zonaroja.com.mx\/index.php?rest_route=%2Fwp%2Fv2%2Fcategories&post=3253"},{"taxonomy":"post_tag","embeddable":true,"href":"https:\/\/zonaroja.com.mx\/index.php?rest_route=%2Fwp%2Fv2%2Ftags&post=3253"}],"curies":[{"name":"wp","href":"https:\/\/api.w.org\/{rel}","templated":true}]}}