{"id":32533,"date":"2021-09-28T07:29:34","date_gmt":"2021-09-28T12:29:34","guid":{"rendered":"http:\/\/www.zonaroja.com.mx\/?p=32533"},"modified":"2021-09-28T07:29:36","modified_gmt":"2021-09-28T12:29:36","slug":"poder-judicial-de-oaxaca-y-embajada-de-canada-unen-esfuerzos","status":"publish","type":"post","link":"https:\/\/zonaroja.com.mx\/?p=32533","title":{"rendered":"Poder Judicial de Oaxaca y Embajada de Canad\u00e1 unen esfuerzos"},"content":{"rendered":"\n<p>Redacci\u00f3n\/Zona Roja.<\/p>\n\n\n\n<p>Oaxaca de Ju\u00e1rez, Oax., 28 de septiembre de 2021.- En el trabajo conjunto y de puertas abiertas con la sociedad civil para afianzar en Oaxaca una impartici\u00f3n de justicia humanizada y con perspectiva de g\u00e9nero, el titular del Poder Judicial del Estado, magistrado Eduardo Pinacho S\u00e1nchez sostuvo un encuentro con el embajador de Canad\u00e1 en M\u00e9xico, Graeme C. Clark y las agrupaciones Equis Justicia para las Mujeres; Ixmucane A.C. y el Centro Profesional Ind\u00edgena de Asesor\u00eda, Defensa y Traducci\u00f3n A. C. (Cepiadet).<\/p>\n\n\n\n<p>Durante la reuni\u00f3n, realizada en la sede del Consejo de la Judicatura, se compartieron los avances del proyecto \u201cFortalecimiento de la respuesta de instituciones de justicia ante el aumento de violencia contra mujeres y ni\u00f1as en el contexto de COVID-19\u201d, a trav\u00e9s de la creaci\u00f3n de herramientas pr\u00e1cticas, relaciones interinstitucionales y la transferencia de conocimientos a organizaciones de la sociedad civil, mismo que se lleva a cabo con apoyo del Fondo Canad\u00e1 para Iniciativas Locales (FCIL).<\/p>\n\n\n\n<p>El objetivo principal de la propuesta, es reforzar la emisi\u00f3n de \u00f3rdenes de protecci\u00f3n como un mecanismo sencillo, eficaz y r\u00e1pido con el que cuentan las mujeres, ni\u00f1os y ni\u00f1as que sufren alg\u00fan tipo de violencia, de manera especial, en la etapa de contingencia sanitaria.<\/p>\n\n\n\n<p>Otro de los alcances del proyecto es dotar de herramientas te\u00f3ricas y pr\u00e1cticas a personas juzgadoras para facilitar el an\u00e1lisis del riesgo en el que se encuentran las mujeres que viven violencia; as\u00ed como fortalecer sus capacidades en materia de \u00f3rdenes de protecci\u00f3n para mejorar la atenci\u00f3n a mujeres que viven violencia durante la contingencia.<\/p>\n\n\n\n<p>En el encuentro, donde se resalt\u00f3 la importancia de la colaboraci\u00f3n interinstitucional y la participaci\u00f3n ciudadana en relaci\u00f3n con las \u00f3rdenes de protecci\u00f3n, estuvieron presentes Aldo Gonz\u00e1lez Diosdado, coordinador del Fondo de Canad\u00e1 para Iniciativas Locales y Shauna Hemingway, Ministra Consejera de la Embajada.<\/p>\n\n\n\n<p>Por el Poder Judicial, la directora de Derechos Humanos, Nidia Soledad Mart\u00ednez Esteva y la titular de la Unidad de Igualdad de G\u00e9nero del Poder Judicial del Estado, maestra Sheila S\u00e1nchez L\u00f3pez.<\/p>\n","protected":false},"excerpt":{"rendered":"<p>Redacci\u00f3n\/Zona Roja. Oaxaca de Ju\u00e1rez, Oax., 28 de septiembre de 2021.- En el trabajo conjunto&hellip;<\/p>\n","protected":false},"author":2,"featured_media":32534,"comment_status":"closed","ping_status":"open","sticky":false,"template":"","format":"standard","meta":{"_lmt_disableupdate":"","_lmt_disable":"","_jetpack_memberships_contains_paid_content":false,"footnotes":""},"categories":[109,46],"tags":[223],"class_list":["post-32533","post","type-post","status-publish","format-standard","has-post-thumbnail","hentry","category-minuto-a-minuto","category-zona-blanca","tag-poder-judicial-de-oaxaca"],"jetpack_featured_media_url":"https:\/\/zonaroja.com.mx\/wp-content\/uploads\/2021\/09\/Poder-Judicial-cuenta-con-apoyo-del-Fondo-Canada-para-Iniciativas-Locales.jpg","jetpack_sharing_enabled":true,"_links":{"self":[{"href":"https:\/\/zonaroja.com.mx\/index.php?rest_route=\/wp\/v2\/posts\/32533","targetHints":{"allow":["GET"]}}],"collection":[{"href":"https:\/\/zonaroja.com.mx\/index.php?rest_route=\/wp\/v2\/posts"}],"about":[{"href":"https:\/\/zonaroja.com.mx\/index.php?rest_route=\/wp\/v2\/types\/post"}],"author":[{"embeddable":true,"href":"https:\/\/zonaroja.com.mx\/index.php?rest_route=\/wp\/v2\/users\/2"}],"replies":[{"embeddable":true,"href":"https:\/\/zonaroja.com.mx\/index.php?rest_route=%2Fwp%2Fv2%2Fcomments&post=32533"}],"version-history":[{"count":1,"href":"https:\/\/zonaroja.com.mx\/index.php?rest_route=\/wp\/v2\/posts\/32533\/revisions"}],"predecessor-version":[{"id":32535,"href":"https:\/\/zonaroja.com.mx\/index.php?rest_route=\/wp\/v2\/posts\/32533\/revisions\/32535"}],"wp:featuredmedia":[{"embeddable":true,"href":"https:\/\/zonaroja.com.mx\/index.php?rest_route=\/wp\/v2\/media\/32534"}],"wp:attachment":[{"href":"https:\/\/zonaroja.com.mx\/index.php?rest_route=%2Fwp%2Fv2%2Fmedia&parent=32533"}],"wp:term":[{"taxonomy":"category","embeddable":true,"href":"https:\/\/zonaroja.com.mx\/index.php?rest_route=%2Fwp%2Fv2%2Fcategories&post=32533"},{"taxonomy":"post_tag","embeddable":true,"href":"https:\/\/zonaroja.com.mx\/index.php?rest_route=%2Fwp%2Fv2%2Ftags&post=32533"}],"curies":[{"name":"wp","href":"https:\/\/api.w.org\/{rel}","templated":true}]}}