{"id":32537,"date":"2021-09-28T08:20:55","date_gmt":"2021-09-28T13:20:55","guid":{"rendered":"http:\/\/www.zonaroja.com.mx\/?p=32537"},"modified":"2021-09-28T08:20:58","modified_gmt":"2021-09-28T13:20:58","slug":"santa-maria-del-mar-presente-en-acto-de-desagravios-a-pueblo-yaqui-de-sonora","status":"publish","type":"post","link":"https:\/\/zonaroja.com.mx\/?p=32537","title":{"rendered":"Santa Mar\u00eda del Mar, presente en acto de desagravios a pueblo Yaqui de Sonora"},"content":{"rendered":"\n<p>Redacci\u00f3n\/Zona Roja.<\/p>\n\n\n\n<p>Oaxaca de Ju\u00e1rez, Oax., 28 de septiembre de 2021.- En el marco del&nbsp; \u201cPlan de Justicia del Pueblo Yaqui\u201d, la comunidad Ikoot de Santa Mar\u00eda del Mar, a trav\u00e9s de su autoridad municipal, Gelasio Mateo Cruz, asiste como invitado especial al&nbsp; territorio Yaqui, en Sonora, a los actos de desagravio que encabezar\u00e1 hoy el Presidente de M\u00e9xico, Andr\u00e9s Manuel L\u00f3pez Obrador.<\/p>\n\n\n\n<p>Ayer la autoridad oaxaque\u00f1a particip\u00f3 en la Primera Sesi\u00f3n Extraordinaria de la Junta de Gobierno del Instituto Nacional de los Pueblos Ind\u00edgenas (INPI), donde se hizo la presentaci\u00f3n del \u201cPlan de Justicia del Pueblo Yaqui\u201d, en la comunidad de T\u00f3rim.<\/p>\n\n\n\n<p>As\u00ed mismo el agente municipal asistir\u00e1 foro internacional sobre reconocimiento constitucional y procesos de justicia a Pueblos Ind\u00edgenas en las Am\u00e9ricas, que se realizar\u00e1 en la comunidad de P\u00f3tam, Segunda Cabecera del Pueblo Yaqui.<\/p>\n\n\n\n<p>El pueblo Ikoot que lleva 11 a\u00f1os sin acceso por v\u00eda terrestre a su comunidad y sin energ\u00eda el\u00e9ctrica debido a un bloqueo, estar\u00e1 presente en la comunidad de V\u00edcam Pueblo, Primera Cabecera del Pueblo Yaqui, estado de Sonora.<\/p>\n\n\n\n<p>En el acto conmemorativo de hoy, el Presidente de la Rep\u00fablica y las autoridades tradicionales del Pueblo Yaqui suscribir\u00e1n varios documentos, entre \u00e9stos los \u201cAcuerdos por la Justicia del Pueblo Yaqui\u201d.<\/p>\n\n\n\n<p>En la comunidad de Santa Mar\u00eda del Mar hay mucha expectaci\u00f3n por esta especial invitaci\u00f3n hecha a su comunidad ya que habr\u00e1 un encuentro con el Presidente de la Rep\u00fablica con su agente municipal Gelasio Mateo Cruz en el territorio Yaqui, inform\u00f3 Efra\u00edn Alin\u00e1rez, representante de la organizaci\u00f3n UNIR.<\/p>\n","protected":false},"excerpt":{"rendered":"<p>Redacci\u00f3n\/Zona Roja. Oaxaca de Ju\u00e1rez, Oax., 28 de septiembre de 2021.- En el marco del&nbsp;&hellip;<\/p>\n","protected":false},"author":2,"featured_media":32538,"comment_status":"closed","ping_status":"open","sticky":false,"template":"","format":"standard","meta":{"_lmt_disableupdate":"","_lmt_disable":"","_jetpack_memberships_contains_paid_content":false,"footnotes":""},"categories":[109,47],"tags":[893],"class_list":["post-32537","post","type-post","status-publish","format-standard","has-post-thumbnail","hentry","category-minuto-a-minuto","category-zona-gris","tag-santa-maria-del-mar"],"jetpack_featured_media_url":"https:\/\/zonaroja.com.mx\/wp-content\/uploads\/2021\/09\/San-Mateo-del-Mar-en-pueblo-Yaqui.jpg","jetpack_sharing_enabled":true,"_links":{"self":[{"href":"https:\/\/zonaroja.com.mx\/index.php?rest_route=\/wp\/v2\/posts\/32537","targetHints":{"allow":["GET"]}}],"collection":[{"href":"https:\/\/zonaroja.com.mx\/index.php?rest_route=\/wp\/v2\/posts"}],"about":[{"href":"https:\/\/zonaroja.com.mx\/index.php?rest_route=\/wp\/v2\/types\/post"}],"author":[{"embeddable":true,"href":"https:\/\/zonaroja.com.mx\/index.php?rest_route=\/wp\/v2\/users\/2"}],"replies":[{"embeddable":true,"href":"https:\/\/zonaroja.com.mx\/index.php?rest_route=%2Fwp%2Fv2%2Fcomments&post=32537"}],"version-history":[{"count":1,"href":"https:\/\/zonaroja.com.mx\/index.php?rest_route=\/wp\/v2\/posts\/32537\/revisions"}],"predecessor-version":[{"id":32539,"href":"https:\/\/zonaroja.com.mx\/index.php?rest_route=\/wp\/v2\/posts\/32537\/revisions\/32539"}],"wp:featuredmedia":[{"embeddable":true,"href":"https:\/\/zonaroja.com.mx\/index.php?rest_route=\/wp\/v2\/media\/32538"}],"wp:attachment":[{"href":"https:\/\/zonaroja.com.mx\/index.php?rest_route=%2Fwp%2Fv2%2Fmedia&parent=32537"}],"wp:term":[{"taxonomy":"category","embeddable":true,"href":"https:\/\/zonaroja.com.mx\/index.php?rest_route=%2Fwp%2Fv2%2Fcategories&post=32537"},{"taxonomy":"post_tag","embeddable":true,"href":"https:\/\/zonaroja.com.mx\/index.php?rest_route=%2Fwp%2Fv2%2Ftags&post=32537"}],"curies":[{"name":"wp","href":"https:\/\/api.w.org\/{rel}","templated":true}]}}