{"id":32541,"date":"2021-09-28T13:49:18","date_gmt":"2021-09-28T18:49:18","guid":{"rendered":"https:\/\/www.zonaroja.com.mx\/?p=32541"},"modified":"2021-09-28T13:49:22","modified_gmt":"2021-09-28T18:49:22","slug":"denuncian-que-fiscalia-pretende-dar-carpetazo-al-caso-de-fanny","status":"publish","type":"post","link":"https:\/\/zonaroja.com.mx\/?p=32541","title":{"rendered":"Denuncian que  Fiscal\u00eda pretende dar \u201ccarpetazo\u201d al caso de Fanny"},"content":{"rendered":"\n<p><\/p>\n\n\n\n<p>Evlin Arag\u00f3n\/Zona Roja.&nbsp;<\/p>\n\n\n\n<p>Oaxaca de Ju\u00e1rez, Oax., 28 de septiembre de 2021.-&nbsp;Aunque la Fiscal\u00eda de Oaxaca, encabezada por Arturo Peimbert Calvo anunci\u00f3 que investiga la muerte de Fanny Guadalupe bajo el Protocolo Ministerial, Policial y Pericial del Delito de Feminicidio, activistas denunciaron la posibilidad de que la autoridad de carpetazo al caso y lo determine como suicidio.&nbsp;&nbsp;<\/p>\n\n\n\n<p>As\u00ed lo dio a conocer el activista &nbsp;Joaqu\u00edn Galv\u00e1n a trav\u00e9s de sus redes sociales, quien asegur\u00f3 contar con informaci\u00f3n de primera mano que probar\u00eda que las autoridades de Oaxaca presentaran el caso de la joven de 16 a\u00f1os como un suicidio, deslindando de responsabilidades al agente municipal de El Porvenir, Isaac Hern\u00e1ndez Guill\u00e9n, quien previamente la amenaz\u00f3 de muerte.&nbsp;&nbsp;<\/p>\n\n\n\n<p>Posteriormente public\u00f3 un audio donde Basael Le\u00f3n, agente ministerial de la Fiscal\u00eda afirma que todo indica que se trat\u00f3 de un suicidio debido a que la joven presentaba actitudes bipolares, ello sin contar con un dictamen m\u00e9dico que lo acredite y por el contrario dej\u00e1ndose llevar por prejuicios al respecto.&nbsp;&nbsp;<\/p>\n\n\n\n<p>\u201cTodo el mundo tiene conocimiento que esa persona ten\u00eda una conducta bipolar y que en varias ocasiones\u2026inclusive en el cuerpo presenta se\u00f1as de que ella se realiz\u00f3 cortes en los brazos. Entonces las m\u00e1ximas de la experiencia determinan que eso lamentablemente es un suicido y yo as\u00ed lo voy a aportar\u201d, se puede escuchar en el audio que comparti\u00f3 el activista.&nbsp;<\/p>\n\n\n\n<p>Su publicaci\u00f3n incluye una fotograf\u00eda donde se puede observar al agente ministerial y a la autoridad municipal acusada de amenazar de muerte a la joven, hoy fallecida, conviviendo y bebiendo en la poblaci\u00f3n, perteneciente al municipio de San Juan Cotzoc\u00f3n, lo cual deja en claro la cercan\u00eda de ambas personas.&nbsp;&nbsp;&nbsp;<\/p>\n\n\n\n<p>Por lo anterior insisti\u00f3 en que el caso sea investigado como feminicidio, tal y como lo refiere la resoluci\u00f3n sobre Mariana Lima que emiti\u00f3 la Suprema Corte de Justicia de la Naci\u00f3n (SCJN), misma que se\u00f1ala que todo homicidio y suicidio de mujeres deben ser investigados como posible feminicidio.&nbsp;&nbsp;<\/p>\n\n\n\n<p>En este mismo sentido se pronunci\u00f3 la asociaci\u00f3n civil Servicios del Pueblo Mixe que pidi\u00f3 justicia para Fanny Guadalupe, medidas cautelares urgentes para proteger y garantizar la vida integral de la familia, as\u00ed como una investigaci\u00f3n de manera pronta y expedita con perspectiva de g\u00e9nero a fin de no dejar en la impunidad el feminicidio.&nbsp;<\/p>\n\n\n\n<p>\u201cEn un contexto oaxaque\u00f1o en el que prevalece la impunidad, Servicios del Pueblo Mixe A.C. alza la voz para exigir justicia y castigo a quienes resulten responsables por acci\u00f3n y omisi\u00f3n por el feminicidio de Fany Guadalupe, el d\u00eda de ayer 26 de septiembre, en el ejido de El Porvenir, municipio de San Juan Cotzoc\u00f3n, Mixe\u201d, refieren mediante un documento.&nbsp;<\/p>\n\n\n\n<p>En el mismo recuerdan que el Estado debe garantizar a todas las mujeres una vida libre de violencia y tomar acciones inmediatas para frenar cualquier tipo de violencia en su contra, m\u00e1s a\u00fan cuando se trata de ind\u00edgenas, toda vez que ellas se enfrentan a una triple discriminaci\u00f3n.&nbsp;<\/p>\n\n\n\n<p>Este domingo, el cuerpo sin vida de Fanny Guadalupe fue localizado al interior de la vivienda que compart\u00eda con su pareja sentimental, presuntamente colgado de una viga. En julio pasado la joven denunci\u00f3 amenazas de muerte por parte de Isaac Hern\u00e1ndez Guill\u00e9n, actual agente municipal de El Porvenir, localidad perteneciente al municipio de San Juan Cotzoc\u00f3n. <\/p>\n","protected":false},"excerpt":{"rendered":"<p>Evlin Arag\u00f3n\/Zona Roja.&nbsp; Oaxaca de Ju\u00e1rez, Oax., 28 de septiembre de 2021.-&nbsp;Aunque la Fiscal\u00eda de&hellip;<\/p>\n","protected":false},"author":2,"featured_media":32540,"comment_status":"closed","ping_status":"open","sticky":false,"template":"","format":"standard","meta":{"_lmt_disableupdate":"","_lmt_disable":"","_jetpack_memberships_contains_paid_content":false,"footnotes":""},"categories":[109,47],"tags":[],"class_list":["post-32541","post","type-post","status-publish","format-standard","has-post-thumbnail","hentry","category-minuto-a-minuto","category-zona-gris"],"jetpack_featured_media_url":"https:\/\/zonaroja.com.mx\/wp-content\/uploads\/2021\/09\/img_4292.jpg","jetpack_sharing_enabled":true,"_links":{"self":[{"href":"https:\/\/zonaroja.com.mx\/index.php?rest_route=\/wp\/v2\/posts\/32541","targetHints":{"allow":["GET"]}}],"collection":[{"href":"https:\/\/zonaroja.com.mx\/index.php?rest_route=\/wp\/v2\/posts"}],"about":[{"href":"https:\/\/zonaroja.com.mx\/index.php?rest_route=\/wp\/v2\/types\/post"}],"author":[{"embeddable":true,"href":"https:\/\/zonaroja.com.mx\/index.php?rest_route=\/wp\/v2\/users\/2"}],"replies":[{"embeddable":true,"href":"https:\/\/zonaroja.com.mx\/index.php?rest_route=%2Fwp%2Fv2%2Fcomments&post=32541"}],"version-history":[{"count":1,"href":"https:\/\/zonaroja.com.mx\/index.php?rest_route=\/wp\/v2\/posts\/32541\/revisions"}],"predecessor-version":[{"id":32542,"href":"https:\/\/zonaroja.com.mx\/index.php?rest_route=\/wp\/v2\/posts\/32541\/revisions\/32542"}],"wp:featuredmedia":[{"embeddable":true,"href":"https:\/\/zonaroja.com.mx\/index.php?rest_route=\/wp\/v2\/media\/32540"}],"wp:attachment":[{"href":"https:\/\/zonaroja.com.mx\/index.php?rest_route=%2Fwp%2Fv2%2Fmedia&parent=32541"}],"wp:term":[{"taxonomy":"category","embeddable":true,"href":"https:\/\/zonaroja.com.mx\/index.php?rest_route=%2Fwp%2Fv2%2Fcategories&post=32541"},{"taxonomy":"post_tag","embeddable":true,"href":"https:\/\/zonaroja.com.mx\/index.php?rest_route=%2Fwp%2Fv2%2Ftags&post=32541"}],"curies":[{"name":"wp","href":"https:\/\/api.w.org\/{rel}","templated":true}]}}