{"id":32545,"date":"2021-09-28T16:08:58","date_gmt":"2021-09-28T21:08:58","guid":{"rendered":"http:\/\/www.zonaroja.com.mx\/?p=32545"},"modified":"2021-09-28T16:09:03","modified_gmt":"2021-09-28T21:09:03","slug":"protestas-y-movilizaciones-desquician-otra-vez-oaxaca-autoridades-ausentes","status":"publish","type":"post","link":"https:\/\/zonaroja.com.mx\/?p=32545","title":{"rendered":"Protestas y movilizaciones desquician otra vez Oaxaca; autoridades ausentes"},"content":{"rendered":"\n<p>Evlin Arag\u00f3n\/Zona Roja.<\/p>\n\n\n\n<p>Oaxaca de Ju\u00e1rez, Oax., 28 de septiembre de 2021.- Por segundo d\u00eda consecutivo en esta semana, las protestas y movilizaciones de diversos grupos ciudadanos, sociales y sindicales desquiciaron Oaxaca y sus habitantes son quienes pagan por la omisi\u00f3n de las autoridades encargadas de garantizar la gobernabilidad en la entidad.&nbsp;<\/p>\n\n\n\n<p>Desde muy temprana hora se realiz\u00f3 \u201ctoma\u201d de la caseta de cobro de Huitzo por parte de habitantes de Chalcatongo de Hidalgo, quienes demandan que se les otorgue el recurso que les corresponde de los ramos federales 28 y 33, los cuales son destinados para obra p\u00fablica.&nbsp;<\/p>\n\n\n\n<p>Dicho bloqueo calent\u00f3 los \u00e1nimos de choferes de camiones de carga, quienes nuevamente se quedaron varados en el lugar sin posibilidad de pasar debido a que no llevaban dinero en efectivo para dar \u201ccooperaci\u00f3n voluntaria\u201d.&nbsp;<\/p>\n\n\n\n<p>En otro punto, tal y como lo hab\u00eda anunciado personal de salud despedido de manera reciente, instal\u00f3 un bloqueo en el crucero del Aeropuerto Internacional, al sur de la capital, como parte de su jornada de lucha para exigir certeza laboral por parte de los Servicios de Salud de Oaxaca y su recontrataci\u00f3n inmediata.&nbsp;<\/p>\n\n\n\n<p>Dicho corte vial ocasion\u00f3 la molestia por parte de automovilistas y motociclistas a quienes tambi\u00e9n impidieron el paso; sin embargo, el personal m\u00e9dico no cedi\u00f3 y mantuvo su protesta que incluy\u00f3 consignas en contra del gobernador de Oaxaca, Alejandro Murat Hinojosa y el titular de los SSO, Juan Carlos M\u00e1rquez Heine, a quienes acusan de la crisis que vive el sector&nbsp;<\/p>\n\n\n\n<p>Minutos m\u00e1s tarde y tan solo unos metros adelante, en el crucero de la \u201cY\u201d vecinos de la colonia Guillermo Gonz\u00e1lez Guardado de la Villa de Zaachila se manifestaron para exigir el cumplimiento del compromiso del gobernador para contar con agua potable en la demarcaci\u00f3n.&nbsp;<\/p>\n\n\n\n<p>\u201cSe\u00f1or gobernador seguimos luchando por sacar adelante el proyecto de agua potable de la colonia Guillermo Gonz\u00e1lez Guardado. Sus \u00f3rdenes no han sido cumplidas, finanzas no autoriza los recursos\u201d, evidenciaron por medio de una lona que colocaron en medio del bloqueo.&nbsp;<\/p>\n\n\n\n<p>Mientras que, en inmediaciones de Ciudad Universitaria, integrantes del Sindicato de Trabajadores y Empleados de la Universidad Aut\u00f3noma \u201cBenito Ju\u00e1rez\u201d de Oaxaca bloquearon las vialidades como parte de las protestas que han encabezado para exigir el pago de un bono pendiente y atenci\u00f3n por parte de las autoridades educativas.&nbsp;<\/p>\n\n\n\n<p>Previo a su movilizaci\u00f3n se apoderaron de unidades del transporte p\u00fablico, en inmediaciones del crucero de 5 Se\u00f1ores, mismas que utilizan para cortar la circulaci\u00f3n e impedir el tr\u00e1nsito vehicular.<\/p>\n\n\n\n<figure class=\"wp-block-embed-twitter wp-block-embed is-type-rich is-provider-twitter\"><div class=\"wp-block-embed__wrapper\">\n<div class=\"twitter-tweet\"><blockquote class=\"twitter-tweet\" data-lang=\"es\"><p lang=\"es\" dir=\"ltr\"><a href=\"https:\/\/twitter.com\/hashtag\/ENVIVO?src=hash&amp;ref_src=twsrc%5Etfw\">#ENVIVO<\/a> <br>Oaxaca de Ju\u00e1rez, Oax., 28 de septiembre de 2021.- Marcha de organizaciones sociales llegan al Centro Hist\u00f3rico de la capital oaxaque\u00f1a.<br>Aqu\u00ed la transmisi\u00f3n:<br>\ud83d\udc47<a href=\"https:\/\/t.co\/VuWAMl9ii2\">https:\/\/t.co\/VuWAMl9ii2<\/a> <a href=\"https:\/\/t.co\/QHvjjJWyMP\">pic.twitter.com\/QHvjjJWyMP<\/a><\/p>&mdash; Zona Roja Oaxaca (@Zona_Roja_Oax) <a href=\"https:\/\/twitter.com\/Zona_Roja_Oax\/status\/1442908098281152513?ref_src=twsrc%5Etfw\">28 de septiembre de 2021<\/a><\/blockquote><\/div>\n<\/div><\/figure>\n\n\n\n<p>MARCHA MULTITUDINARIA<\/p>\n\n\n\n<p>Despu\u00e9s de las 10 de la ma\u00f1ana, integrantes de diversas organizaciones sociales, adheridas a la Alianza de los Pueblos por la Justicia Social, salieron en marcha del mercado Zonal de Santa Rosa hacia el z\u00f3calo de la ciudad para exigir un alto a los asesinatos de mujeres y hombre que luchan por la igualdad de condiciones, as\u00ed como por el respeto a los pueblos y comunidades ind\u00edgenas.&nbsp;&nbsp;<\/p>\n\n\n\n<p>En este mismo sentido y como parte de su movilizaci\u00f3n solicitaron una mesa de trabajo con el gobernador de Oaxaca a fin de solicitar la implementaci\u00f3n de programas que garanticen la seguridad alimentaria, social, de salud y programas sociales, que permitan el desarrollo de las comunidades.<\/p>\n\n\n\n<p>\u201cLuchamos por la dignidad del ser humano y la reivindicaci\u00f3n de los pueblos ind\u00edgena. Pedimos libertad para nuestros presos pol\u00edticos\u201d, aseguraron.<\/p>\n\n\n\n<p>Tambi\u00e9n colonos de San Mart\u00edn Mexicapan, ciudad de Oaxaca, arribaron a las oficinas de los Servicios de Agua Potable y Alcantarillado de Oaxaca (SAPAO), para exigir la conclusi\u00f3n de los trabajos en el drenaje en la colonia Monte Alb\u00e1n.&nbsp;<\/p>\n\n\n\n<p>As\u00ed mismo, integrantes del Frente Ind\u00edgena de los Pueblos Olvidados de Oaxaca (FIPOO), encabezado por Arturo Ortega, bloquearon la calle de Independencia a la altura de las escalinatas del Templo de la Soledad, donde aseguraron mantendr\u00e1n un plant\u00f3n indefinido hasta ser atendidos por el edil de Oaxaca de Ju\u00e1rez, Oswaldo Garc\u00eda Jarqu\u00edn.\u00a0<\/p>\n\n\n\n<figure class=\"wp-block-embed-twitter wp-block-embed is-type-rich is-provider-twitter\"><div class=\"wp-block-embed__wrapper\">\n<div class=\"twitter-tweet\"><blockquote class=\"twitter-tweet\" data-lang=\"es\"><p lang=\"es\" dir=\"ltr\"><a href=\"https:\/\/twitter.com\/hashtag\/%C3%9AltimoMinuto?src=hash&amp;ref_src=twsrc%5Etfw\">#\u00daltimoMinuto<\/a> <br>Por en\u00e9sima ocasi\u00f3n, un reducido grupo de afiliados al <a href=\"https:\/\/twitter.com\/STEUABJO?ref_src=twsrc%5Etfw\">@STEUABJO<\/a> \u201ctoma\u201d camiones y bloquea la avenida Universidad de la capital; insisten en bono millonario. <a href=\"https:\/\/t.co\/kEYcLLfMZs\">pic.twitter.com\/kEYcLLfMZs<\/a><\/p>&mdash; Zona Roja Oaxaca (@Zona_Roja_Oax) <a href=\"https:\/\/twitter.com\/Zona_Roja_Oax\/status\/1442891234771496966?ref_src=twsrc%5Etfw\">28 de septiembre de 2021<\/a><\/blockquote><\/div>\n<\/div><\/figure>\n\n\n\n<p>Los manifestantes piden la reparaci\u00f3n de las vialidades de la ciudad, particularmente de las que se ubican en la agencia de San Mart\u00edn Mexicapam, incluso se propusieron para hacer tequio por lo que pidieron al municipio brinde el material para llevar a cabo los trabajos.&nbsp;<\/p>\n\n\n\n<p>Finalmente, y, por si fuera poco, despu\u00e9s del mediod\u00eda se report\u00f3 que transportistas de la Confederaci\u00f3n de Trabajadores de M\u00e9xico (CTM) protagonizaron un enfrentamiento violento en inmediaciones del fraccionamiento Rancho Valle de Lago en Tlacolula de Matamoros, presuntamente con ingenieros que se encontraban en la zona.<\/p>\n\n\n\n<p>ISTMO IGUAL<\/p>\n\n\n\n<p>La regi\u00f3n del Istmo de Tehuantepec tambi\u00e9n se vio seriamente afectada con los bloqueos que desde ayer instalaron habitantes de doce comunidades de San Miguel Chimalapas para exigir los recursos del ramo 33, actividad con la que impidieron el paso hacia Chiapas, Veracruz, y la capital oaxaque\u00f1a.&nbsp;<\/p>\n\n\n\n<p>De acuerdo con los reportes de corporaciones viales los cortes viales se registraron en la carretera Panamericana, tramo Zanatepec \u2013 Niltepec; en la carretera Trans\u00edstmica, tramo La Ventosa &#8211; Mat\u00edas Romero, as\u00ed como en el km 276 tramo Juchit\u00e1n \u2013 Tehuantepec.&nbsp;<\/p>\n\n\n\n<p>Por segundo d\u00eda consecutivo, la Secretar\u00eda General de Gobierno (Segego) no ha emitido informaci\u00f3n al respecto, sobre la atenci\u00f3n de las demandas sociales.<\/p>\n\n\n\n<figure class=\"wp-block-embed-twitter wp-block-embed is-type-rich is-provider-twitter\"><div class=\"wp-block-embed__wrapper\">\n<div class=\"twitter-tweet\"><blockquote class=\"twitter-tweet\" data-lang=\"es\"><p lang=\"es\" dir=\"ltr\"><a href=\"https:\/\/twitter.com\/hashtag\/%C3%9AltimoMinuto?src=hash&amp;ref_src=twsrc%5Etfw\">#\u00daltimoMinuto<\/a> <br>Por en\u00e9sima ocasi\u00f3n, un reducido grupo de afiliados al <a href=\"https:\/\/twitter.com\/STEUABJO?ref_src=twsrc%5Etfw\">@STEUABJO<\/a> \u201ctoma\u201d camiones y bloquea la avenida Universidad de la capital; insisten en bono millonario. <a href=\"https:\/\/t.co\/kEYcLLfMZs\">pic.twitter.com\/kEYcLLfMZs<\/a><\/p>&mdash; Zona Roja Oaxaca (@Zona_Roja_Oax) <a href=\"https:\/\/twitter.com\/Zona_Roja_Oax\/status\/1442891234771496966?ref_src=twsrc%5Etfw\">28 de septiembre de 2021<\/a><\/blockquote><\/div>\n<\/div><\/figure>\n","protected":false},"excerpt":{"rendered":"<p>Evlin Arag\u00f3n\/Zona Roja. Oaxaca de Ju\u00e1rez, Oax., 28 de septiembre de 2021.- Por segundo d\u00eda&hellip;<\/p>\n","protected":false},"author":2,"featured_media":32546,"comment_status":"closed","ping_status":"open","sticky":false,"template":"","format":"standard","meta":{"_lmt_disableupdate":"","_lmt_disable":"","_jetpack_memberships_contains_paid_content":false,"footnotes":""},"categories":[109,47],"tags":[2496],"class_list":["post-32545","post","type-post","status-publish","format-standard","has-post-thumbnail","hentry","category-minuto-a-minuto","category-zona-gris","tag-marchas-y-bloqueos-oaxaca"],"jetpack_featured_media_url":"https:\/\/zonaroja.com.mx\/wp-content\/uploads\/2021\/09\/Protestas-Oaxaca.jpg","jetpack_sharing_enabled":true,"_links":{"self":[{"href":"https:\/\/zonaroja.com.mx\/index.php?rest_route=\/wp\/v2\/posts\/32545","targetHints":{"allow":["GET"]}}],"collection":[{"href":"https:\/\/zonaroja.com.mx\/index.php?rest_route=\/wp\/v2\/posts"}],"about":[{"href":"https:\/\/zonaroja.com.mx\/index.php?rest_route=\/wp\/v2\/types\/post"}],"author":[{"embeddable":true,"href":"https:\/\/zonaroja.com.mx\/index.php?rest_route=\/wp\/v2\/users\/2"}],"replies":[{"embeddable":true,"href":"https:\/\/zonaroja.com.mx\/index.php?rest_route=%2Fwp%2Fv2%2Fcomments&post=32545"}],"version-history":[{"count":1,"href":"https:\/\/zonaroja.com.mx\/index.php?rest_route=\/wp\/v2\/posts\/32545\/revisions"}],"predecessor-version":[{"id":32547,"href":"https:\/\/zonaroja.com.mx\/index.php?rest_route=\/wp\/v2\/posts\/32545\/revisions\/32547"}],"wp:featuredmedia":[{"embeddable":true,"href":"https:\/\/zonaroja.com.mx\/index.php?rest_route=\/wp\/v2\/media\/32546"}],"wp:attachment":[{"href":"https:\/\/zonaroja.com.mx\/index.php?rest_route=%2Fwp%2Fv2%2Fmedia&parent=32545"}],"wp:term":[{"taxonomy":"category","embeddable":true,"href":"https:\/\/zonaroja.com.mx\/index.php?rest_route=%2Fwp%2Fv2%2Fcategories&post=32545"},{"taxonomy":"post_tag","embeddable":true,"href":"https:\/\/zonaroja.com.mx\/index.php?rest_route=%2Fwp%2Fv2%2Ftags&post=32545"}],"curies":[{"name":"wp","href":"https:\/\/api.w.org\/{rel}","templated":true}]}}