{"id":32550,"date":"2021-09-28T19:04:06","date_gmt":"2021-09-29T00:04:06","guid":{"rendered":"http:\/\/www.zonaroja.com.mx\/?p=32550"},"modified":"2021-09-28T19:04:09","modified_gmt":"2021-09-29T00:04:09","slug":"firman-acuerdos-de-colaboracion-la-uabjo-y-universidad-de-texas-eu","status":"publish","type":"post","link":"https:\/\/zonaroja.com.mx\/?p=32550","title":{"rendered":"Firman acuerdos de colaboraci\u00f3n la UABJO y Universidad de Texas, EU"},"content":{"rendered":"\n<p>Redacci\u00f3n\/Zona Roja.<\/p>\n\n\n\n<p>Oaxaca de Ju\u00e1rez, Oax., 28 de septiembre de 2021.- El rector de la Universidad Aut\u00f3noma \u201cBenito Ju\u00e1rez\u201d de Oaxaca (UABJO), Eduardo Bautista Mart\u00ednez, firm\u00f3 un convenio marco de colaboraci\u00f3n con Nils Roemer, director del Centro Ackerman para Estudios sobre el Holocausto y director de la Escuela de Artes y Humanidades de la Universidad de Texas, en Dallas, Estados Unidos (UTD).<\/p>\n\n\n\n<p>Lo anterior para unir esfuerzos que permitan llevar a cabo actividades conjuntas de investigaci\u00f3n, formaci\u00f3n de recursos humanos, estancias acad\u00e9micas de estudiantes y docentes, as\u00ed como difusi\u00f3n del arte y la cultura, en los t\u00e9rminos de las atribuciones que les confieren las leyes bajo las que se rigen ambas instituciones y mediante programas espec\u00edficos.<\/p>\n\n\n\n<p>Al hacer uso de la palabra, el rector celebr\u00f3 la formalizaci\u00f3n de las alianzas interinstitucionales que dar\u00e1n continuidad al intercambio de experiencias y acciones que suman a la ampliaci\u00f3n y diversificaci\u00f3n de la oferta educativa, as\u00ed como la producci\u00f3n de la investigaci\u00f3n.<\/p>\n\n\n\n<p>Agreg\u00f3 que esa iniciativa surgi\u00f3 a partir del inter\u00e9s compartido en t\u00e9rminos educativos y la construcci\u00f3n de una memoria de paz, adem\u00e1s impulsar los trabajos del Doctorado en Educaci\u00f3n Arte y Cultura (DEAC) que se oferta en el Instituto de Ciencias de la Educaci\u00f3n (ICE) representado por su director, H\u00e9ctor Aguilar Aguilar.<\/p>\n\n\n\n<p>Para ello, se sign\u00f3 otro convenio en este caso espec\u00edfico, en atenci\u00f3n al doctorado con el \u00e1nimo de establecer bases y conjuntar acciones para la formaci\u00f3n de una comunidad investigadora que aporte a la comprensi\u00f3n y transformaci\u00f3n social, desde las disciplinas que contempla.<\/p>\n\n\n\n<p>Al respecto, Nils Roemer, director del Centro Ackerman, manifest\u00f3 su entusiasmo por colaborar con la m\u00e1xima casa de estudios de Oaxaca.<\/p>\n\n\n\n<p>\u201cEl siglo XXI es de grandes retos, en los que las fronteras cambian de significado y nuestra expectativa es poder colaborar en las \u00e1reas de estudio del genocidio, el holocausto y los derechos universales. La UTD est\u00e1 agradecida y dispuesta a trabajar con la UABJO\u201d, sostuvo.<\/p>\n\n\n\n<p>Cabe destacar que, en esta firma, particip\u00f3 la coordinadora acad\u00e9mica del doctorado en cuesti\u00f3n, Leticia Brise\u00f1o Maas, quien celebr\u00f3 la colaboraci\u00f3n interinstitucional que sin duda multiplicar\u00e1 los resultados de la formaci\u00f3n a nivel posgrado.<\/p>\n\n\n\n<p>Atestiguaron este acto, el subdirector del Centro Ackerman para Estudios sobre el Holocausto, Pedro Gonz\u00e1lez Corona y el Profesor del Instituto de Investigaciones en Humanidades, Abraham Ortiz Nah\u00f3n.<\/p>\n","protected":false},"excerpt":{"rendered":"<p>Redacci\u00f3n\/Zona Roja. Oaxaca de Ju\u00e1rez, Oax., 28 de septiembre de 2021.- El rector de la&hellip;<\/p>\n","protected":false},"author":2,"featured_media":32551,"comment_status":"closed","ping_status":"open","sticky":false,"template":"","format":"standard","meta":{"_lmt_disableupdate":"","_lmt_disable":"","_jetpack_memberships_contains_paid_content":false,"footnotes":""},"categories":[109,46],"tags":[360],"class_list":["post-32550","post","type-post","status-publish","format-standard","has-post-thumbnail","hentry","category-minuto-a-minuto","category-zona-blanca","tag-rector-eduardo-bautista-martinez"],"jetpack_featured_media_url":"https:\/\/zonaroja.com.mx\/wp-content\/uploads\/2021\/09\/UABJO-Texas.jpg","jetpack_sharing_enabled":true,"_links":{"self":[{"href":"https:\/\/zonaroja.com.mx\/index.php?rest_route=\/wp\/v2\/posts\/32550","targetHints":{"allow":["GET"]}}],"collection":[{"href":"https:\/\/zonaroja.com.mx\/index.php?rest_route=\/wp\/v2\/posts"}],"about":[{"href":"https:\/\/zonaroja.com.mx\/index.php?rest_route=\/wp\/v2\/types\/post"}],"author":[{"embeddable":true,"href":"https:\/\/zonaroja.com.mx\/index.php?rest_route=\/wp\/v2\/users\/2"}],"replies":[{"embeddable":true,"href":"https:\/\/zonaroja.com.mx\/index.php?rest_route=%2Fwp%2Fv2%2Fcomments&post=32550"}],"version-history":[{"count":1,"href":"https:\/\/zonaroja.com.mx\/index.php?rest_route=\/wp\/v2\/posts\/32550\/revisions"}],"predecessor-version":[{"id":32552,"href":"https:\/\/zonaroja.com.mx\/index.php?rest_route=\/wp\/v2\/posts\/32550\/revisions\/32552"}],"wp:featuredmedia":[{"embeddable":true,"href":"https:\/\/zonaroja.com.mx\/index.php?rest_route=\/wp\/v2\/media\/32551"}],"wp:attachment":[{"href":"https:\/\/zonaroja.com.mx\/index.php?rest_route=%2Fwp%2Fv2%2Fmedia&parent=32550"}],"wp:term":[{"taxonomy":"category","embeddable":true,"href":"https:\/\/zonaroja.com.mx\/index.php?rest_route=%2Fwp%2Fv2%2Fcategories&post=32550"},{"taxonomy":"post_tag","embeddable":true,"href":"https:\/\/zonaroja.com.mx\/index.php?rest_route=%2Fwp%2Fv2%2Ftags&post=32550"}],"curies":[{"name":"wp","href":"https:\/\/api.w.org\/{rel}","templated":true}]}}