{"id":32553,"date":"2021-09-28T20:20:01","date_gmt":"2021-09-29T01:20:01","guid":{"rendered":"http:\/\/www.zonaroja.com.mx\/?p=32553"},"modified":"2021-09-28T20:20:05","modified_gmt":"2021-09-29T01:20:05","slug":"demandan-proteccion-para-familia-de-fanny-e-indagar-caso-como-feminicidio","status":"publish","type":"post","link":"https:\/\/zonaroja.com.mx\/?p=32553","title":{"rendered":"Demandan protecci\u00f3n para familia de Fanny e indagar caso como feminicidio"},"content":{"rendered":"\n<p>Redacci\u00f3n\/Zona Roja.<\/p>\n\n\n\n<p>Oaxaca de Ju\u00e1rez, Oax., 28 de septiembre de 2021.- La Defensor\u00eda de los Derechos Humanos del Pueblo de Oaxaca (DDHPO) emiti\u00f3 medidas cautelares a la familia de Fanny Guadalupe L.N., \u201cadolescente fallecida bajo circunstancias que habr\u00e1 que esclarecer\u201d, por lo que pidi\u00f3 a la Fiscal\u00eda General del Estado protecci\u00f3n inmediata para las v\u00edctimas indirectas, adem\u00e1s de que la investigaci\u00f3n que realice por este caso, se lleve a cabo con perspectiva de g\u00e9nero y bajo el supuesto de un posible feminicidio.<\/p>\n\n\n\n<p>En un comunicado, el organismo aut\u00f3nomo dio a conocer que inici\u00f3 la queja DDHPO\/1462\/(14)\/OAX\/2021, para investigar la actuaci\u00f3n de las autoridades en el presente caso, e identificar la existencia de probables violaciones a derechos humanos.<\/p>\n\n\n\n<p>Asimismo, dentro del expediente, se solicit\u00f3 que se garantice el derecho a la verdad y a una investigaci\u00f3n diligente y exhaustiva para conocer las causas del fallecimiento de la joven, adem\u00e1s de brindar protecci\u00f3n a la familia, tomando en cuenta el inter\u00e9s superior de la ni\u00f1ez y adolescencia.<\/p>\n\n\n\n<p>La Defensor\u00eda inform\u00f3 que personal del organismo estableci\u00f3 contacto con la familia de Fanny Guadalupe L.N, para documentar el contexto en el cual ocurrieron los hechos y ofrecerles acompa\u00f1amiento ante las diversas instancias de procuraci\u00f3n y administraci\u00f3n de justicia.<\/p>\n\n\n\n<p>Asimismo, solicit\u00f3 a la Fiscal\u00eda General del Estado que informe el estado procesal que guarda la denuncia interpuesta por Fanny Guadalupe L.N., dentro de la cual se\u00f1al\u00f3 haber sufrido violencia y amenazas por parte del agente municipal de El Porvenir, Cotzoc\u00f3n.<\/p>\n\n\n\n<p>A\u00f1adi\u00f3 que es importante que, en este caso, a la par de la realizaci\u00f3n de las pruebas forenses, se investigue si la v\u00edctima estaba inmersa en un contexto de violencia y analizar estas pruebas bajo la perspectiva de g\u00e9nero.<\/p>\n\n\n\n<p>Para la instituci\u00f3n, la violencia recurrente y sistem\u00e1tica que se ejerce contra las mujeres, requiere que las diferentes \u00e1reas de procuraci\u00f3n y administraci\u00f3n de justicia, atiendan de forma pronta y expedita las denuncias relacionadas con casos de violencia por razones de g\u00e9nero.<\/p>\n\n\n\n<p>Asimismo, es importante que las instituciones encargadas de la procuraci\u00f3n de justicia eviten que los procesos de atenci\u00f3n sean burocr\u00e1ticos y revictimizantes, pues es la \u00fanica forma de combatir la impunidad y garantizar el acceso a los derechos a la justicia, verdad y reparaci\u00f3n del da\u00f1o.<\/p>\n\n\n\n<p>La Defensor\u00eda insisti\u00f3 en que la burocratizaci\u00f3n de los procesos de justicia en casos de violencia por razones de g\u00e9nero genera impunidad, por ello, el Estado debe cumplir con su obligaci\u00f3n de garantizar un acceso a la justicia en forma pronta, expedita y que sancione a quienes cometen delitos en contra de las mujeres.<\/p>\n\n\n\n<p>Finalmente, la Defensor\u00eda de los Derechos Humanos del Pueblo de Oaxaca llam\u00f3 a las instituciones a reivindicar el reconocimiento pleno de los derechos de las mujeres, as\u00ed como asumir su responsabilidad en el fortalecimiento del andamiaje institucional para poder realizar acciones m\u00e1s eficaces, eficientes y funcionales al momento de garantizar y proteger los derechos de las mujeres.<\/p>\n","protected":false},"excerpt":{"rendered":"<p>Redacci\u00f3n\/Zona Roja. Oaxaca de Ju\u00e1rez, Oax., 28 de septiembre de 2021.- La Defensor\u00eda de los&hellip;<\/p>\n","protected":false},"author":2,"featured_media":32554,"comment_status":"closed","ping_status":"open","sticky":false,"template":"","format":"standard","meta":{"_lmt_disableupdate":"","_lmt_disable":"","_jetpack_memberships_contains_paid_content":false,"footnotes":""},"categories":[109,47],"tags":[2904],"class_list":["post-32553","post","type-post","status-publish","format-standard","has-post-thumbnail","hentry","category-minuto-a-minuto","category-zona-gris","tag-fanny-guadalupe-cotzocon"],"jetpack_featured_media_url":"https:\/\/zonaroja.com.mx\/wp-content\/uploads\/2021\/09\/Fanny-Guadalupe-Cotzocon.jpg","jetpack_sharing_enabled":true,"_links":{"self":[{"href":"https:\/\/zonaroja.com.mx\/index.php?rest_route=\/wp\/v2\/posts\/32553","targetHints":{"allow":["GET"]}}],"collection":[{"href":"https:\/\/zonaroja.com.mx\/index.php?rest_route=\/wp\/v2\/posts"}],"about":[{"href":"https:\/\/zonaroja.com.mx\/index.php?rest_route=\/wp\/v2\/types\/post"}],"author":[{"embeddable":true,"href":"https:\/\/zonaroja.com.mx\/index.php?rest_route=\/wp\/v2\/users\/2"}],"replies":[{"embeddable":true,"href":"https:\/\/zonaroja.com.mx\/index.php?rest_route=%2Fwp%2Fv2%2Fcomments&post=32553"}],"version-history":[{"count":1,"href":"https:\/\/zonaroja.com.mx\/index.php?rest_route=\/wp\/v2\/posts\/32553\/revisions"}],"predecessor-version":[{"id":32555,"href":"https:\/\/zonaroja.com.mx\/index.php?rest_route=\/wp\/v2\/posts\/32553\/revisions\/32555"}],"wp:featuredmedia":[{"embeddable":true,"href":"https:\/\/zonaroja.com.mx\/index.php?rest_route=\/wp\/v2\/media\/32554"}],"wp:attachment":[{"href":"https:\/\/zonaroja.com.mx\/index.php?rest_route=%2Fwp%2Fv2%2Fmedia&parent=32553"}],"wp:term":[{"taxonomy":"category","embeddable":true,"href":"https:\/\/zonaroja.com.mx\/index.php?rest_route=%2Fwp%2Fv2%2Fcategories&post=32553"},{"taxonomy":"post_tag","embeddable":true,"href":"https:\/\/zonaroja.com.mx\/index.php?rest_route=%2Fwp%2Fv2%2Ftags&post=32553"}],"curies":[{"name":"wp","href":"https:\/\/api.w.org\/{rel}","templated":true}]}}