{"id":32556,"date":"2021-09-28T21:39:03","date_gmt":"2021-09-29T02:39:03","guid":{"rendered":"http:\/\/www.zonaroja.com.mx\/?p=32556"},"modified":"2021-09-28T21:39:06","modified_gmt":"2021-09-29T02:39:06","slug":"asesinan-a-balazos-a-periodista-en-cuernavaca-morelos","status":"publish","type":"post","link":"https:\/\/zonaroja.com.mx\/?p=32556","title":{"rendered":"Asesinan a balazos a periodista en Cuernavaca, Morelos"},"content":{"rendered":"\n<p>Redacci\u00f3n\/Zona Roja Cdmx.<\/p>\n\n\n\n<p>Ciudad de M\u00e9xico, 28 de septiembre de 2021.- El periodista Manuel Gonz\u00e1lez Reyes fue asesinado a tiros en la calle Leandro Valle de la colonia Miraval, del municipio de Cuernavaca, Morelos.<\/p>\n\n\n\n<p>La Fiscal\u00eda de Morelos inform\u00f3 esta tarde que Gonz\u00e1lez, reportero de nota roja y director de la Agencia PM, llevaba la identificaci\u00f3n que lo acreditaba como periodista cuando fue agredido.<\/p>\n\n\n\n<p>\u201cAl momento no se cuenta con informaci\u00f3n que refiera el n\u00famero de personas participantes en la agresi\u00f3n, y por lo menos una persona habr\u00eda accionado a corta distancia un arma de fuego en su contra para inmediatamente huir aparentemente hacia la colonia Patios de la Estaci\u00f3n\u201d, explic\u00f3.<\/p>\n\n\n\n<p>Adem\u00e1s de su medio en Facebook, donde el periodista publicaba sobre pol\u00edtica local desde el 2017, tambi\u00e9n particip\u00f3 en el pasado proceso electoral como candidato a la Alcald\u00eda de Emiliano Zapata, de acuerdo con Art\u00edculo 19.<\/p>\n\n\n\n<p>La organizaci\u00f3n urgi\u00f3 a la Fiscal\u00eda de Morelos a apegarse al Protocolo Homologado para Investigar Cr\u00edmenes contra la Libertad de Expresi\u00f3n, y considere la labor period\u00edstica como uno de los ejes para la investigaci\u00f3n del hecho.<\/p>\n\n\n\n<p>En M\u00e9xico, al menos 68 defensores de derechos humanos y 43 periodistas han sido asesinados durante el Gobierno del Presidente Andr\u00e9s Manuel L\u00f3pez Obrador, quien asumi\u00f3 el poder el 1 de diciembre de 2018, inform\u00f3 en julio la Secretar\u00eda de Gobernaci\u00f3n.<\/p>\n\n\n\n<p>Adem\u00e1s, inform\u00f3 que el Mecanismo de Protecci\u00f3n para Personas Defensoras de Derechos Humanos y Periodistas cuenta con 1.478 personas beneficiarias en la mayor\u00eda de las 32 entidades federativas.<\/p>\n\n\n\n<p>Mientras que solo seis entidades cuentan con organismos locales de protecci\u00f3n en esta materia: Ciudad de M\u00e9xico, Veracruz, Colima, Guanajuato, Guerrero y Puebla.<\/p>\n\n\n\n<p>(Nota de \u201cSin Embargo\u201d)<\/p>\n","protected":false},"excerpt":{"rendered":"<p>Redacci\u00f3n\/Zona Roja Cdmx. Ciudad de M\u00e9xico, 28 de septiembre de 2021.- El periodista Manuel Gonz\u00e1lez&hellip;<\/p>\n","protected":false},"author":2,"featured_media":32557,"comment_status":"closed","ping_status":"open","sticky":false,"template":"","format":"standard","meta":{"_lmt_disableupdate":"","_lmt_disable":"","_jetpack_memberships_contains_paid_content":false,"footnotes":""},"categories":[109,51],"tags":[2905],"class_list":["post-32556","post","type-post","status-publish","format-standard","has-post-thumbnail","hentry","category-minuto-a-minuto","category-zona-roja","tag-periodista-manuel-gonzalez-reyes"],"jetpack_featured_media_url":"https:\/\/zonaroja.com.mx\/wp-content\/uploads\/2021\/09\/Manuel-Gonzalez-periodista.jpg","jetpack_sharing_enabled":true,"_links":{"self":[{"href":"https:\/\/zonaroja.com.mx\/index.php?rest_route=\/wp\/v2\/posts\/32556","targetHints":{"allow":["GET"]}}],"collection":[{"href":"https:\/\/zonaroja.com.mx\/index.php?rest_route=\/wp\/v2\/posts"}],"about":[{"href":"https:\/\/zonaroja.com.mx\/index.php?rest_route=\/wp\/v2\/types\/post"}],"author":[{"embeddable":true,"href":"https:\/\/zonaroja.com.mx\/index.php?rest_route=\/wp\/v2\/users\/2"}],"replies":[{"embeddable":true,"href":"https:\/\/zonaroja.com.mx\/index.php?rest_route=%2Fwp%2Fv2%2Fcomments&post=32556"}],"version-history":[{"count":1,"href":"https:\/\/zonaroja.com.mx\/index.php?rest_route=\/wp\/v2\/posts\/32556\/revisions"}],"predecessor-version":[{"id":32558,"href":"https:\/\/zonaroja.com.mx\/index.php?rest_route=\/wp\/v2\/posts\/32556\/revisions\/32558"}],"wp:featuredmedia":[{"embeddable":true,"href":"https:\/\/zonaroja.com.mx\/index.php?rest_route=\/wp\/v2\/media\/32557"}],"wp:attachment":[{"href":"https:\/\/zonaroja.com.mx\/index.php?rest_route=%2Fwp%2Fv2%2Fmedia&parent=32556"}],"wp:term":[{"taxonomy":"category","embeddable":true,"href":"https:\/\/zonaroja.com.mx\/index.php?rest_route=%2Fwp%2Fv2%2Fcategories&post=32556"},{"taxonomy":"post_tag","embeddable":true,"href":"https:\/\/zonaroja.com.mx\/index.php?rest_route=%2Fwp%2Fv2%2Ftags&post=32556"}],"curies":[{"name":"wp","href":"https:\/\/api.w.org\/{rel}","templated":true}]}}