{"id":32566,"date":"2021-09-29T07:47:33","date_gmt":"2021-09-29T12:47:33","guid":{"rendered":"http:\/\/www.zonaroja.com.mx\/?p=32566"},"modified":"2021-09-29T07:47:36","modified_gmt":"2021-09-29T12:47:36","slug":"tiene-el-estado-marca-de-certificacion-hecho-en-oaxaca","status":"publish","type":"post","link":"https:\/\/zonaroja.com.mx\/?p=32566","title":{"rendered":"Tiene el estado marca de certificaci\u00f3n \u201cHecho en Oaxaca\u201d"},"content":{"rendered":"\n<p>Redacci\u00f3n\/Zona Roja.<\/p>\n\n\n\n<p>Oaxaca de Ju\u00e1rez, Oax., 29 de septiembre de 2021.- El Gobierno del Estado y el Instituto Mexicano de la Propiedad Industrial (IMPI), anunciaron el lanzamiento oficial de la marca de certificaci\u00f3n \u201cHecho en Oaxaca\u201d, a favor de la distinci\u00f3n de origen y la calidad de m\u00e1s de 29 mil productos oaxaque\u00f1os emblem\u00e1ticos que identifican a la entidad a nivel nacional e internacional y que representa la primera en el pa\u00eds en su tipo.<\/p>\n\n\n\n<p>A trav\u00e9s de este distintivo se busca certificar por su origen y calidad los productos emblem\u00e1ticos del estado, evitar el plagio y dar el valor agregado a art\u00edculos de micro, peque\u00f1as y medianas empresas, otorgando de forma gratuita un certificado que permita a las empresas ostentar este distintivo en los productos que cumplan con los requisitos establecidos por las reglas de uso autorizados por el IMPI y administrado por la Secretar\u00eda de Econom\u00eda de la entidad.<\/p>\n\n\n\n<p>En el lanzamiento efectuado ayer, el gobernador Alejandro Murat Hinojosa destac\u00f3 que Oaxaca va en la ruta correcta, cuando se le da el valor a quien lo tiene. \u201cEsa es la gente de Oaxaca, que es grande por las mujeres y hombres que todos los d\u00edas se levantan temprano y con su esfuerzo hacen del estado lo que todos admiramos\u201d, refiri\u00f3 en un comunicado de prensa.<\/p>\n\n\n\n<p>En el encuentro celebrado en las instalaciones de la Ciudad de los Archivos, Murat Hinojosa mencion\u00f3 que es una gran oportunidad para que todas y todos se unan y as\u00ed darle valor a la marca \u201cHecho en Oaxaca\u201d. \u201cEs importante reconocer que lo que se refleja hoy, es el esfuerzo realizado a trav\u00e9s de las culturas milenarias\u201d.<\/p>\n\n\n\n<p>El director general del Instituto Mexicano de la Propiedad Industrial (IMPI), Alfredo Rend\u00f3n Algara, agradeci\u00f3 el esfuerzo de las personas involucradas para lograr esta certificaci\u00f3n.<\/p>\n\n\n\n<figure class=\"wp-block-embed-twitter wp-block-embed is-type-rich is-provider-twitter\"><div class=\"wp-block-embed__wrapper\">\n<div class=\"twitter-tweet\"><blockquote class=\"twitter-tweet\" data-lang=\"es\"><p lang=\"es\" dir=\"ltr\"><a href=\"https:\/\/twitter.com\/hashtag\/HechoEnOaxaca?src=hash&amp;ref_src=twsrc%5Etfw\">#HechoEnOaxaca<\/a><br>En un acto relevante para las y los productores del estado, el gobernador <a href=\"https:\/\/twitter.com\/alejandromurat?ref_src=twsrc%5Etfw\">@AlejandroMurat<\/a> anunci\u00f3 el registro de la marca \u201cHecho en Oaxaca\u201d, para proteger la autenticidad de los productos artesanales y alimenticios originarios de la entidad. <a href=\"https:\/\/t.co\/TaTWllcHQg\">pic.twitter.com\/TaTWllcHQg<\/a><\/p>&mdash; Zona Roja Oaxaca (@Zona_Roja_Oax) <a href=\"https:\/\/twitter.com\/Zona_Roja_Oax\/status\/1443061494258847746?ref_src=twsrc%5Etfw\">29 de septiembre de 2021<\/a><\/blockquote><\/div>\n<\/div><\/figure>\n\n\n\n<p>\u201cPara mi Oaxaca es pasi\u00f3n, todos los productos representan la pasi\u00f3n de las y los artesanos y el trabajo de muchas generaciones, y es un orgullo para el IMPI otorgar esta marca de certificaci\u00f3n, la primera para un estado\u201d.<\/p>\n\n\n\n<p>La Secretar\u00eda de Econom\u00eda de la entidad destac\u00f3 que el Gobierno del Estado de Oaxaca tiene el prop\u00f3sito de que los productos elaborados con ingredientes de esta tierra, con procesos y mano de obra oaxaque\u00f1a, tengan el valor comercial que se merecen; que el trabajo de quienes los elaboran sea remunerado de manera justa.<\/p>\n\n\n\n<p>De acuerdo con los Censos Econ\u00f3micos del Instituto Nacional de Estad\u00edstica y Geograf\u00eda (INEGI), en el estado existen 29 mil 128 unidades econ\u00f3micas que elaboran productos que podr\u00edan contar con la marca \u201cHecho en Oaxaca\u201d, como artesan\u00edas, art\u00edculos de joyer\u00eda, bolsas, prendas de vestir y calzado, muebles, juegos y juguetes, as\u00ed como productos agroindustriales, incluyendo l\u00e1cteos y bebidas alcoh\u00f3licas.<\/p>\n\n\n\n<p>Las y los interesados podr\u00e1n contar con la Marca de Certificaci\u00f3n \u201cHecho en Oaxaca\u201d de manera gratuita, para ello deber\u00e1n ingresar al sitio web <a href=\"https:\/\/marcahechoenoaxaca.mx\/\">https:\/\/marcahechoenoaxaca.mx\/<\/a> o las redes sociales de este distintivo o de la Secretar\u00eda de Econom\u00eda, donde podr\u00e1n encontrar la informaci\u00f3n y los requisitos necesarios.<\/p>\n","protected":false},"excerpt":{"rendered":"<p>Redacci\u00f3n\/Zona Roja. Oaxaca de Ju\u00e1rez, Oax., 29 de septiembre de 2021.- El Gobierno del Estado&hellip;<\/p>\n","protected":false},"author":2,"featured_media":32567,"comment_status":"closed","ping_status":"open","sticky":false,"template":"","format":"standard","meta":{"_lmt_disableupdate":"","_lmt_disable":"","_jetpack_memberships_contains_paid_content":false,"footnotes":""},"categories":[109,46],"tags":[2906],"class_list":["post-32566","post","type-post","status-publish","format-standard","has-post-thumbnail","hentry","category-minuto-a-minuto","category-zona-blanca","tag-marca-de-certificacion-hecho-en-oaxaca"],"jetpack_featured_media_url":"https:\/\/zonaroja.com.mx\/wp-content\/uploads\/2021\/09\/Marca-Hecho-en-Oaxaca.jpeg","jetpack_sharing_enabled":true,"_links":{"self":[{"href":"https:\/\/zonaroja.com.mx\/index.php?rest_route=\/wp\/v2\/posts\/32566","targetHints":{"allow":["GET"]}}],"collection":[{"href":"https:\/\/zonaroja.com.mx\/index.php?rest_route=\/wp\/v2\/posts"}],"about":[{"href":"https:\/\/zonaroja.com.mx\/index.php?rest_route=\/wp\/v2\/types\/post"}],"author":[{"embeddable":true,"href":"https:\/\/zonaroja.com.mx\/index.php?rest_route=\/wp\/v2\/users\/2"}],"replies":[{"embeddable":true,"href":"https:\/\/zonaroja.com.mx\/index.php?rest_route=%2Fwp%2Fv2%2Fcomments&post=32566"}],"version-history":[{"count":1,"href":"https:\/\/zonaroja.com.mx\/index.php?rest_route=\/wp\/v2\/posts\/32566\/revisions"}],"predecessor-version":[{"id":32568,"href":"https:\/\/zonaroja.com.mx\/index.php?rest_route=\/wp\/v2\/posts\/32566\/revisions\/32568"}],"wp:featuredmedia":[{"embeddable":true,"href":"https:\/\/zonaroja.com.mx\/index.php?rest_route=\/wp\/v2\/media\/32567"}],"wp:attachment":[{"href":"https:\/\/zonaroja.com.mx\/index.php?rest_route=%2Fwp%2Fv2%2Fmedia&parent=32566"}],"wp:term":[{"taxonomy":"category","embeddable":true,"href":"https:\/\/zonaroja.com.mx\/index.php?rest_route=%2Fwp%2Fv2%2Fcategories&post=32566"},{"taxonomy":"post_tag","embeddable":true,"href":"https:\/\/zonaroja.com.mx\/index.php?rest_route=%2Fwp%2Fv2%2Ftags&post=32566"}],"curies":[{"name":"wp","href":"https:\/\/api.w.org\/{rel}","templated":true}]}}