{"id":32569,"date":"2021-09-29T08:09:04","date_gmt":"2021-09-29T13:09:04","guid":{"rendered":"http:\/\/www.zonaroja.com.mx\/?p=32569"},"modified":"2021-09-29T08:09:07","modified_gmt":"2021-09-29T13:09:07","slug":"sin-contratiempos-pagan-becas-a-jovenes-docentes-en-el-medio-indigena","status":"publish","type":"post","link":"https:\/\/zonaroja.com.mx\/?p=32569","title":{"rendered":"Sin contratiempos, pagan becas a j\u00f3venes docentes en el Medio Ind\u00edgena"},"content":{"rendered":"\n<p>Redacci\u00f3n\/Zona Roja.<\/p>\n\n\n\n<p>Oaxaca de Ju\u00e1rez, Oax., 28 de septiembre de 2021.- Como se ha venido realizando en tiempo y forma, en una acci\u00f3n respaldada por el gobernador Alejandro Murat Hinojosa y por instrucciones del director general del Instituto Estatal de Educaci\u00f3n P\u00fablica de Oaxaca (IEEPO), Francisco \u00c1ngel Villarreal, se lleva a cabo el pago de las becas a las y los 400 j\u00f3venes incorporados a la Estrategia Nacional de Iniciaci\u00f3n a la Docencia en el Medio Ind\u00edgena (ENIDMI).<\/p>\n\n\n\n<p>Hablantes de lenguas originarias y sus variantes dialectales, las y los becarios de este modelo educativo \u00fanico en el pa\u00eds, prestan servicio como maestras y maestros en escuelas de los niveles de educaci\u00f3n inicial, preescolar y primaria de sus comunidades de origen, en la mayor\u00eda de los casos de zonas alejadas.<\/p>\n\n\n\n<p>Adem\u00e1s, como parte de su proceso de profesionalizaci\u00f3n, se encuentran inscritos en las licenciaturas en Educaci\u00f3n Preescolar y Educaci\u00f3n Primaria para el Medio Ind\u00edgena (LEPEPMI\u00b490) en las diferentes sedes de la Universidad Pedag\u00f3gica Nacional (UPN), con el fin de fortalecer sus competencias en la docencia.<\/p>\n\n\n\n<p>Las becas son resultado de los acuerdos respetuosos que establecieron el Gobierno Federal a trav\u00e9s de la Secretar\u00eda de Educaci\u00f3n P\u00fablica (SEP), el gobernador Alejandro Murat Hinojosa, mediante el Instituto Estatal de Educaci\u00f3n P\u00fablica de Oaxaca que dirige Francisco \u00c1ngel Villarreal y el magisterio oaxaque\u00f1o para la formaci\u00f3n de futuros maestras y maestros en este nivel, una a\u00f1eja demanda en la entidad.<\/p>\n\n\n\n<p>El pago de los apoyos se efect\u00faa con apego a las medidas sanitarias y de higiene decretadas por las autoridades sanitarias federal y estatal para proteger la salud y vida de las personas que acuden a las diferentes pagadur\u00edas del IEEPO.<\/p>\n","protected":false},"excerpt":{"rendered":"<p>Redacci\u00f3n\/Zona Roja. Oaxaca de Ju\u00e1rez, Oax., 28 de septiembre de 2021.- Como se ha venido&hellip;<\/p>\n","protected":false},"author":2,"featured_media":32570,"comment_status":"closed","ping_status":"open","sticky":false,"template":"","format":"standard","meta":{"_lmt_disableupdate":"","_lmt_disable":"","_jetpack_memberships_contains_paid_content":false,"footnotes":""},"categories":[109,46],"tags":[2837],"class_list":["post-32569","post","type-post","status-publish","format-standard","has-post-thumbnail","hentry","category-minuto-a-minuto","category-zona-blanca","tag-instituto-estatal-de-educacion-publica-de-oaxaca-ieepo"],"jetpack_featured_media_url":"https:\/\/zonaroja.com.mx\/wp-content\/uploads\/2021\/09\/01-IEEPO-2-5.jpg","jetpack_sharing_enabled":true,"_links":{"self":[{"href":"https:\/\/zonaroja.com.mx\/index.php?rest_route=\/wp\/v2\/posts\/32569","targetHints":{"allow":["GET"]}}],"collection":[{"href":"https:\/\/zonaroja.com.mx\/index.php?rest_route=\/wp\/v2\/posts"}],"about":[{"href":"https:\/\/zonaroja.com.mx\/index.php?rest_route=\/wp\/v2\/types\/post"}],"author":[{"embeddable":true,"href":"https:\/\/zonaroja.com.mx\/index.php?rest_route=\/wp\/v2\/users\/2"}],"replies":[{"embeddable":true,"href":"https:\/\/zonaroja.com.mx\/index.php?rest_route=%2Fwp%2Fv2%2Fcomments&post=32569"}],"version-history":[{"count":1,"href":"https:\/\/zonaroja.com.mx\/index.php?rest_route=\/wp\/v2\/posts\/32569\/revisions"}],"predecessor-version":[{"id":32571,"href":"https:\/\/zonaroja.com.mx\/index.php?rest_route=\/wp\/v2\/posts\/32569\/revisions\/32571"}],"wp:featuredmedia":[{"embeddable":true,"href":"https:\/\/zonaroja.com.mx\/index.php?rest_route=\/wp\/v2\/media\/32570"}],"wp:attachment":[{"href":"https:\/\/zonaroja.com.mx\/index.php?rest_route=%2Fwp%2Fv2%2Fmedia&parent=32569"}],"wp:term":[{"taxonomy":"category","embeddable":true,"href":"https:\/\/zonaroja.com.mx\/index.php?rest_route=%2Fwp%2Fv2%2Fcategories&post=32569"},{"taxonomy":"post_tag","embeddable":true,"href":"https:\/\/zonaroja.com.mx\/index.php?rest_route=%2Fwp%2Fv2%2Ftags&post=32569"}],"curies":[{"name":"wp","href":"https:\/\/api.w.org\/{rel}","templated":true}]}}