{"id":32572,"date":"2021-09-29T08:13:51","date_gmt":"2021-09-29T13:13:51","guid":{"rendered":"http:\/\/www.zonaroja.com.mx\/?p=32572"},"modified":"2021-09-29T08:13:54","modified_gmt":"2021-09-29T13:13:54","slug":"determina-congreso-de-oaxaca-gratuidad-del-servicio-de-estacionamientos-en-centros-comerciales","status":"publish","type":"post","link":"https:\/\/zonaroja.com.mx\/?p=32572","title":{"rendered":"Determina Congreso de Oaxaca gratuidad del servicio de estacionamientos en centros comerciales"},"content":{"rendered":"\n<p>Redacci\u00f3n\/Zona Roja.<\/p>\n\n\n\n<p>Oaxaca de Ju\u00e1rez, Oax., 29 de septiembre de 2021.- El Congreso local decret\u00f3 que en el estado de Oaxaca el servicio de los estacionamientos ubicados en los centros comerciales, plazas, supermercados y tiendas de autoservicio, o cualquier otra instituci\u00f3n f\u00edsica o moral, deber\u00e1n ser gratuitos a sus clientes.<\/p>\n\n\n\n<p>Mediante reformas y adiciones a los art\u00edculos 4, 24 Bis de la Ley de Movilidad para el Estado de Oaxaca, se proh\u00edbe en cualquier modalidad el cobro de tarifas o cuotas por el resguardo de veh\u00edculos dentro de estos sitios.<\/p>\n\n\n\n<p>La nueva redacci\u00f3n especifica que trat\u00e1ndose de los estacionamientos ubicados en las empresas identificadas como centros comerciales, plazas supermercados y tiendas de autoservicio, o cualquier otra instituci\u00f3n f\u00edsica o moral, son considerados como privados y su servicio debe ser gratuito.<\/p>\n\n\n\n<p>Para efectos de esta ley, se entiende como estacionamiento privado a aquel espacio f\u00edsico para satisfacer las necesidades de los individuos, instituciones y empresas, de sus clientes y visitantes, para el resguardo de veh\u00edculos, siempre que el servicio sea gratuito.<\/p>\n\n\n\n<p>Con la modificaci\u00f3n se pone fin a los abusos de cobros excesivos por el uso de estacionamiento de centros comerciales, toda vez que cuando una persona realiza una compra en estos sitios, ya est\u00e1 pagando por este servicio.<\/p>\n\n\n\n<p>La reforma fue impulsada por las congresistas Elisa Zepeda Lagunas e In\u00e9s Leal Pel\u00e1ez, integrantes del Grupo Parlamentario de Morena, dictaminada por la Comisi\u00f3n Permanente de Movilidad, Comunicaciones y Transportes, y avalada por la C\u00e1mara de Diputados.<\/p>\n","protected":false},"excerpt":{"rendered":"<p>Redacci\u00f3n\/Zona Roja. Oaxaca de Ju\u00e1rez, Oax., 29 de septiembre de 2021.- El Congreso local decret\u00f3&hellip;<\/p>\n","protected":false},"author":2,"featured_media":32573,"comment_status":"closed","ping_status":"open","sticky":false,"template":"","format":"standard","meta":{"_lmt_disableupdate":"","_lmt_disable":"","_jetpack_memberships_contains_paid_content":false,"footnotes":""},"categories":[109,46],"tags":[213],"class_list":["post-32572","post","type-post","status-publish","format-standard","has-post-thumbnail","hentry","category-minuto-a-minuto","category-zona-blanca","tag-64-legislatura-de-oaxaca"],"jetpack_featured_media_url":"https:\/\/zonaroja.com.mx\/wp-content\/uploads\/2021\/09\/Estacionamiento-de-vehiculos.jpg","jetpack_sharing_enabled":true,"_links":{"self":[{"href":"https:\/\/zonaroja.com.mx\/index.php?rest_route=\/wp\/v2\/posts\/32572","targetHints":{"allow":["GET"]}}],"collection":[{"href":"https:\/\/zonaroja.com.mx\/index.php?rest_route=\/wp\/v2\/posts"}],"about":[{"href":"https:\/\/zonaroja.com.mx\/index.php?rest_route=\/wp\/v2\/types\/post"}],"author":[{"embeddable":true,"href":"https:\/\/zonaroja.com.mx\/index.php?rest_route=\/wp\/v2\/users\/2"}],"replies":[{"embeddable":true,"href":"https:\/\/zonaroja.com.mx\/index.php?rest_route=%2Fwp%2Fv2%2Fcomments&post=32572"}],"version-history":[{"count":1,"href":"https:\/\/zonaroja.com.mx\/index.php?rest_route=\/wp\/v2\/posts\/32572\/revisions"}],"predecessor-version":[{"id":32574,"href":"https:\/\/zonaroja.com.mx\/index.php?rest_route=\/wp\/v2\/posts\/32572\/revisions\/32574"}],"wp:featuredmedia":[{"embeddable":true,"href":"https:\/\/zonaroja.com.mx\/index.php?rest_route=\/wp\/v2\/media\/32573"}],"wp:attachment":[{"href":"https:\/\/zonaroja.com.mx\/index.php?rest_route=%2Fwp%2Fv2%2Fmedia&parent=32572"}],"wp:term":[{"taxonomy":"category","embeddable":true,"href":"https:\/\/zonaroja.com.mx\/index.php?rest_route=%2Fwp%2Fv2%2Fcategories&post=32572"},{"taxonomy":"post_tag","embeddable":true,"href":"https:\/\/zonaroja.com.mx\/index.php?rest_route=%2Fwp%2Fv2%2Ftags&post=32572"}],"curies":[{"name":"wp","href":"https:\/\/api.w.org\/{rel}","templated":true}]}}