{"id":32575,"date":"2021-09-29T08:35:34","date_gmt":"2021-09-29T13:35:34","guid":{"rendered":"http:\/\/www.zonaroja.com.mx\/?p=32575"},"modified":"2021-09-29T08:35:37","modified_gmt":"2021-09-29T13:35:37","slug":"cuarenta-y-dos-anos-de-lucha-por-el-aborto-en-oaxaca","status":"publish","type":"post","link":"https:\/\/zonaroja.com.mx\/?p=32575","title":{"rendered":"Cuarenta y dos a\u00f1os de lucha por el aborto en Oaxaca"},"content":{"rendered":"\n<p>Soledad Jarqu\u00edn \u00c9dgar\/Sem M\u00e9xico.<\/p>\n\n\n\n<p>Oaxaca de Ju\u00e1rez, Oax., 29 de septiembre de 2021.- Septiembre es para las oaxaque\u00f1as un mes emblem\u00e1tico.<\/p>\n\n\n\n<p>Tanto por lo sucedido en 2019 cuando se reform\u00f3 el C\u00f3digo Penal del Estado para no criminalizar a las mujeres por abortar antes de la doceava semana de gestaci\u00f3n, como por lo sucedido el pasado 22 de septiembre, cuando se reform\u00f3 la Ley Estatal de Salud para que la interrupci\u00f3n legal de un embarazo sea considerada como un servicio b\u00e1sico en cl\u00ednicas y hospitales del sector salud de la entidad.<\/p>\n\n\n\n<p>Sin duda, reformas que colocan a Oaxaca \u201ccomo la punta de lanza en la progresividad de los derechos humanos de las mujeres\u201d como se\u00f1al\u00f3 Consorcio para el Di\u00e1logo Parlamentario y la Equidad Oaxaca, tras la reforma del pasado 22 de septiembre.<\/p>\n\n\n\n<p>Este #28S recordamos las emblem\u00e1ticas luchas de las feministas. En 2007, en la Ciudad de M\u00e9xico se concret\u00f3 una vieja demanda al despenalizarse el aborto hasta la doceava semana.<\/p>\n\n\n\n<p>Doce a\u00f1os despu\u00e9s, Oaxaca fue la segunda entidad mexicana \u2013de 32- en despenalizar la interrupci\u00f3n de un embarazo en el mismo periodo de gestaci\u00f3n y, contrario a lo que vaticinaba la derecha, el aborto legal es hoy una opci\u00f3n que salva vidas y por tanto un asunto de salud p\u00fablica y un acto de justicia social.<\/p>\n\n\n\n<p>\u201cPOR UN ABORTO LIBRE Y GRATUITO\u201d<\/p>\n\n\n\n<p>1979 fue el a\u00f1o en que, por primera vez de forma p\u00fablica, trabajadoras de la UABJO, rompieron el aire en una marcha del STEUABJO al desplegar una manta con la leyenda: \u201cPor un aborto libre y gratuito\u201d, as\u00ed abrieron una puerta que no se volver\u00eda a cerrar.<\/p>\n\n\n\n<p>Esta acci\u00f3n \u201catrevida y valiente\u201d gener\u00f3 primero sorpresa y despu\u00e9s indignaci\u00f3n de otras personas que se hac\u00edan a un lado de ellas, mientras una que otra se les acerba.<\/p>\n\n\n\n<p>Estas mujeres fueron Hilda Scherenberg, Guadalupe Cruz, Flor Cervantes, Patricia Hern\u00e1ndez, Catalina Ocampo y Patricia Jim\u00e9nez, \u00e9sta \u00faltima ley\u00f3 un comunicado con esa exigencia.&nbsp;&nbsp;&nbsp;&nbsp;&nbsp;&nbsp;&nbsp;&nbsp;&nbsp;&nbsp;&nbsp;&nbsp;&nbsp;&nbsp;&nbsp;&nbsp;&nbsp;&nbsp;&nbsp;&nbsp;&nbsp;&nbsp;&nbsp;&nbsp;&nbsp;&nbsp;&nbsp;&nbsp;&nbsp;&nbsp;&nbsp;&nbsp;&nbsp;&nbsp;&nbsp;&nbsp;&nbsp;&nbsp;&nbsp;&nbsp;&nbsp;&nbsp;&nbsp;&nbsp;&nbsp;&nbsp;&nbsp;&nbsp;&nbsp;&nbsp;&nbsp;&nbsp;&nbsp;&nbsp;&nbsp;&nbsp;&nbsp;&nbsp;&nbsp;&nbsp;&nbsp;&nbsp;&nbsp;&nbsp;&nbsp;&nbsp;&nbsp;&nbsp;&nbsp;&nbsp;&nbsp;&nbsp;&nbsp;&nbsp;&nbsp;&nbsp;&nbsp;&nbsp;&nbsp;&nbsp;&nbsp;&nbsp;&nbsp;&nbsp;&nbsp;&nbsp;&nbsp;&nbsp;&nbsp;&nbsp;&nbsp;&nbsp;&nbsp;&nbsp;&nbsp;&nbsp;&nbsp;&nbsp;&nbsp;&nbsp;&nbsp;&nbsp;&nbsp;&nbsp;&nbsp;&nbsp;&nbsp;&nbsp;&nbsp;&nbsp;&nbsp;&nbsp;&nbsp;&nbsp;&nbsp;<\/p>\n\n\n\n<p>Despu\u00e9s, a lo largo de los \u00faltimos 42 a\u00f1os existe un amplio registro de acciones realizadas por feministas y mujeres diversas para impulsar las reformas constitucionales, exigencias que se volvieron \u201cbatallas campales\u201d, que pasaron por amenazas e intimidaci\u00f3n, pero tambi\u00e9n por agresiones f\u00edsicas, la decepci\u00f3n ante la respuesta de las legislaturas y la intromisi\u00f3n constante de las iglesias cristianas, los grupos pr\u00f3vida y pol\u00edticos conservadores, cuya oposici\u00f3n a lo largo de estas m\u00e1s de cuatro d\u00e9cadas provoc\u00f3 la muerte o discapacidad de cientos de mujeres.<\/p>\n\n\n\n<p>RECUENTO DE UNA HISTORIA<\/p>\n\n\n\n<p>En la \u00faltima d\u00e9cada del siglo XX, Oaxaca ocup\u00f3 el segundo lugar nacional en muertes maternas, con m\u00e1s de 70 decesos por a\u00f1o, y el aborto constitu\u00eda una de las cuatro principales causas de fallecimiento de mujeres, cuyas edades fluctuaban entre los 20 y 34 a\u00f1os, de acuerdo con INEGI. En 1997, las estimaciones oficiales daban cuenta que el aborto ejecutado de forma insalubre iba increment\u00e1ndose entre las oaxaque\u00f1as.<\/p>\n\n\n\n<p>En 2003, Consorcio Oaxaca, GES Mujer y la Red por la Defensa de los Derechos Sexuales y Reproductivos rechazaron la presencia de Provida, que inici\u00f3 actividades en noviembre de ese a\u00f1o en Oaxaca, por ser contraria a los derechos humanos de las mujeres. El aborto es una opci\u00f3n de vida para las mujeres y nadie puede quitarles esa posibilidad de tomar decisiones oportunas ante la disyuntiva de tener o no un hijo cuando as\u00ed lo permiten las leyes, plante\u00f3 entonces Beatriz Casas.<\/p>\n\n\n\n<p>Unos meses despu\u00e9s, durante el proceso electoral en 2004, el PAN, PRD y Convergencia, que conformaron una coalici\u00f3n, excluyeron de sus plataformas pol\u00edticas la despenalizaci\u00f3n del aborto. Al mismo tiempo las organizaciones presentaron a cada candidato \u2013todos hombres- la Agenda Oaxaca a favor de la Equidad.<\/p>\n\n\n\n<p>Ana Mar\u00eda Hern\u00e1ndez, de Consorcio Oaxaca, se\u00f1al\u00f3: \u00abtenemos que dejar de ver el aborto como delito y plantear que se trata de un derecho\u00bb. Exigi\u00f3 el establecimiento de protocolos de atenci\u00f3n en casos de aborto por violaci\u00f3n, luego de que personal m\u00e9dico del Hospital General Dr. Aurelio Valdivieso y de un visitador de la entonces Comisi\u00f3n Estatal de Derechos Humanos obstaculizaron ese derecho a \u201cMar\u00eda\u201d de 19 a\u00f1os y con discapacidad auditiva que hab\u00eda sido violada sexualmente por su t\u00edo.<\/p>\n\n\n\n<p>Frente a esa injusticia, el colectivo Huaxyacac en septiembre de 2004 present\u00f3 una iniciativa de ley para reformar el C\u00f3digo de Procedimientos Penales del estado de Oaxaca, para que el aborto por violaci\u00f3n se realizara de forma segura, gratuita, oportuna y con respeto a su dignidad. De igual forma, un d\u00eda despu\u00e9s el IMO propone modificaciones al art\u00edculo 315 del C\u00f3digo Penal y agrega excluyentes en el art\u00edculo 316. As\u00ed como un mecanismo para hacer efectivo el derecho legal al aborto en caso de violaci\u00f3n y de inseminaci\u00f3n artificial no consentida en el C\u00f3digo de Procedimientos Penales del Estado.<\/p>\n\n\n\n<p>Entre los avances m\u00e1s importantes de 2005 destaca la inclusi\u00f3n de la p\u00edldora de anticoncepci\u00f3n de emergencia en el cuadro b\u00e1sico de medicamentos. La academia plante\u00f3 la necesidad de realizar un debate serio, cient\u00edfico, democr\u00e1tico y basado en el respeto a la diferencia y al libre albedr\u00edo.<\/p>\n\n\n\n<p>En agosto de 2005, ante la Comisi\u00f3n Interamericana de Derechos Humanos, el Colectivo Huaxyacac acus\u00f3 al gobierno de Oaxaca de no apegarse a la normatividad internacional y solicit\u00f3 las modificaciones legales para un aborto legal en caso de violaci\u00f3n.<\/p>\n\n\n\n<p>El 6 de marzo de 2006, en el 124 Periodo Ordinario de Sesiones de la CIDH, Yesica S\u00e1nchez Maya, de la Limedh, present\u00f3 la violaci\u00f3n a los derechos de Mar\u00eda, quien despu\u00e9s de m\u00e1s de 40 horas de hospitalizaci\u00f3n no recibi\u00f3 la atenci\u00f3n para realizarse un aborto legal en un hospital p\u00fablico, por lo que tuvo que ser atendida en otro hospital, gracias a la intervenci\u00f3n de Consorcio Oaxaca.<\/p>\n\n\n\n<p>En septiembre de 2006, nuevamente nueve organizaciones no gubernamentales feministas pidieron reformas para garantizar el derecho de las mujeres a decidir como un principio de todos los derechos.<\/p>\n\n\n\n<p>En 2007, organizaciones de la sociedad civil calificaron como mala la actuaci\u00f3n de la LIX Legislatura local. Huaxyacac se\u00f1al\u00f3 que fue una legislatura de simulaci\u00f3n y complicidad, donde nada pas\u00f3 a favor de las mujeres y en cambio fungi\u00f3 como comparsa y tapadera del Ejecutivo.<\/p>\n\n\n\n<p>Ese a\u00f1o, tras la despenalizaci\u00f3n del aborto en la ciudad de M\u00e9xico, organizaciones no gubernamentales y activistas presentaron en tiempos distintos casos de aborto mal practicados para demostrar c\u00f3mo la desigualdad social pone en riesgo la vida de mujeres pobres y j\u00f3venes, principalmente. Buscaban de esa manera evitar la criminalizaci\u00f3n de las mujeres tanto de forma social como jur\u00eddica.<\/p>\n\n\n\n<p>El PRD retom\u00f3 la iniciativa que en 2004 hab\u00edan propuesto las organizaciones sociales para favorecer el acceso de las mujeres al aborto por violaci\u00f3n.<\/p>\n\n\n\n<p>En enero de 2009, el PAN present\u00f3 la iniciativa de reconocimiento a la personalidad jur\u00eddica del feto, mediante un proyecto de decreto al Art\u00edculo 12 constitucional. A su vez las organizaciones rechazaron la propuesta impulsada por la diputada Perla Woolrich Fern\u00e1ndez, y se\u00f1alaron que se trataba de una estrategia nacional para contrarrestar la reforma de la ciudad de M\u00e9xico.<\/p>\n\n\n\n<p>Por otro lado, se libr\u00f3 un nuevo frente tras modificaciones hechas por funcionarios de salud federal y exigieron al ejecutivo local la publicaci\u00f3n de la Norma Oficial Mexicana sobre violencia familiar y sexual contra las mujeres (NOM-046), conforme se acord\u00f3 en junio de 2008.<\/p>\n\n\n\n<p>El 9 de septiembre de 2009, Oaxaca se convirti\u00f3 en el estado 16 en criminalizar el aborto, a pesar del intento que grupos de feministas hicieron buscando detener el albazo legislativo de la reforma al art\u00edculo 12, mediante el cual se protege la vida desde el momento de la concepci\u00f3n y aunque el IMO propuso al gobernador ejercer el veto y derogar la reforma, esto no sucedi\u00f3.<\/p>\n\n\n\n<p>EDUCACI\u00d3N SEXUAL PARA DECIDIR<\/p>\n\n\n\n<p>Ese a\u00f1o fue memorable la conmemoraci\u00f3n del D\u00eda Internacional por la Despenalizaci\u00f3n del Aborto en Am\u00e9rica Latina y el Caribe, en medio de papelitos y pa\u00f1uelos morados, al menos tres generaciones de mujeres se reunieron en la calle de Alcal\u00e1 para exigir su derecho a decidir.<\/p>\n\n\n\n<p>Pidieron a la CEDH interponer un recurso de inconstitucionalidad ante la Suprema Corte de Justicia de la Naci\u00f3n (SCJN) por la reforma aprobada 20 d\u00edas antes, hecho que se negaron a realizar. D\u00edas antes de la concentraci\u00f3n de Alcal\u00e1, una joven muri\u00f3 desangrada en Salina Cruz tras realizarse un aborto en condiciones no adecuadas.<\/p>\n\n\n\n<p>En octubre de ese mismo a\u00f1o, feministas interpusieron un total de 198 solicitudes de amparo ante la justicia federal contra la reforma al art\u00edculo 12 de la Constituci\u00f3n de Oaxaca que protege la vida desde la fecundaci\u00f3n, fue presentado este mi\u00e9rcoles en las oficinas del Poder Judicial Federal.<\/p>\n\n\n\n<p>LOS PA\u00d1UELOS VERDES<\/p>\n\n\n\n<p>A principios del nuevo milenio, en Am\u00e9rica Latina un movimiento empezaba a crecer y hac\u00eda visibles los pa\u00f1uelos verdes que en poco tiempo se convertir\u00edan en una Marea Verde. Tanto en Chile como Argentina la idea cundi\u00f3 y se volvi\u00f3 una parte iconogr\u00e1fica fundamental en la lucha por la despenalizaci\u00f3n del aborto. M\u00e9xico no fue la excepci\u00f3n, pero hubo un nuevo ingrediente, las j\u00f3venes salieron a las calles, el cambio generacional hab\u00eda llegado para tomar las calles cada 28 de septiembre.<\/p>\n\n\n\n<p>#YAESLEY<\/p>\n\n\n\n<p>El 25 de septiembre de 2019, con 24 votos a favor y 10 en contra, la 64 Legislatura legaliz\u00f3 la interrupci\u00f3n del aborto. El Congreso de Oaxaca paritario y compuesto por 23 mujeres, fueron las morenistas las impulsoras de la reforma. D\u00edas previos recibieron amenazas de muerte y advertencias de que sus carreras pol\u00edticas estaban aniquiladas, dijo entonces Hilda Luis.<\/p>\n\n\n\n<p>En sororidad, diputadas federales y de otras entidades del pa\u00eds las respaldaron, as\u00ed como organizaciones de la sociedad civil. El fantasma de Margaret Sander estaba presente. Ese d\u00eda terminaron d\u00e9cadas de espera.<\/p>\n\n\n\n<p>24 votos a favor, 10 en contra. Los votos a favor fueron emitidos por: de Morena, Leticia Collado Soto, Mauro Cruz S\u00e1nchez, Oth\u00f3n Cuevas, Elena Cuevas Hern\u00e1ndez, Karina Espino, Migdalia Espinosa, Laura Estrada, Elizabeth Guzm\u00e1n, In\u00e9s Leal, Magaly L\u00f3pez, Roc\u00edo Machuca, Pavel Mel\u00e9ndez, Hilda P\u00e9rez Luis, Gloria S\u00e1nchez, Alfonso Silva, Griselda Sosa, Horacio Sosa, Timoteo V\u00e1squez y Elisa Zepeda; del PT, Sa\u00fal Cruz, No\u00e9 Doroteo Castillejos y C\u00e9sar Morales. Y del grupo Mujeres Independientes: Alim Antonio Aquino y Aleida Serrano.<\/p>\n\n\n\n<p>En contra: Ericel G\u00f3mez Nucamendi, \u00c1ngel Dom\u00ednguez Escobar, Arcelia L\u00f3pez, Juana Aguilar, Fredie Delf\u00edn Avenda\u00f1o, Joaqu\u00edn Garc\u00eda y Alejandro L\u00f3pez, solicit\u00f3 permiso.<\/p>\n\n\n\n<p>Despu\u00e9s de la votaci\u00f3n un grito largo y prolongado se escuch\u00f3 en el pleno del Congreso local, l\u00e1grimas, cantos y alegr\u00eda, hab\u00eda terminado una larga espera.<\/p>\n\n\n\n<p>\u00bfQU\u00c9 PAS\u00d3 DESPU\u00c9S?<\/p>\n\n\n\n<p>En lo legislativo se cerr\u00f3 la pinza con la reforma a la Ley Estatal de Salud, aprobada este 22 de septiembre. La reforma obliga a las instituciones p\u00fablicas de salud a realizar la interrupci\u00f3n del embarazo, de manera gratuita, garantizando adem\u00e1s la no discriminaci\u00f3n, la accesibilidad, la aceptabilidad y la calidad del servicio, sostiene la diputada Magaly L\u00f3pez Dom\u00ednguez, una de las m\u00e1s importantes promotoras de la reforma.<\/p>\n\n\n\n<p>Y\u00e9sica S\u00e1nchez Maya de Consorcio Oaxaca explica que hacen falta presupuestos y que esa es una responsabilidad del Ejecutivo local, quien pronto iniciar\u00e1 la cuenta regresiva de su mandato, que se caracterizado por hacer el vac\u00edo a los avances legislativos que tienen alg\u00fan significado para las mujeres, pero un costo para \u00e9l.<\/p>\n\n\n\n<p>Al mismo tiempo ha surgido nuevas iniciativas, como son Las Consejeras, integrado por j\u00f3venes profesionistas que dan acompa\u00f1amiento a mujeres que ejercen su derecho a decidir y que conjuntamente o por separado realizan tambi\u00e9n campa\u00f1as de informaci\u00f3n, es decir, suplen con sus propios recursos la tarea que el Ejecutivo local no realiza.<\/p>\n\n\n\n<p>Jamil M\u00e1rquez explica que Las Consejeras nacieron en 2019 para brindar primero informaci\u00f3n de forma gratuita, libre de prejuicios a quienes quieren ejercer sus derechos sexuales y reproductivos.<\/p>\n\n\n\n<p>Una de sus acciones m\u00e1s importantes fue una campa\u00f1a informativa realizada en 2020 para promocionar el derecho a la interrupci\u00f3n legal del embarazo, lo que dio como resultado, explica Tet\u00e9 Jasso, coordinadora de Las Consejeras, dijo que en poco m\u00e1s de 60 d\u00edas, recibieron casi 30 llamadas telef\u00f3nicas pidiendo informaci\u00f3n, adem\u00e1s de dar acompa\u00f1amiento telef\u00f3nico. Ahora reciben 10 llamadas por semana.<\/p>\n\n\n\n<p>Ambas activistas dijeron que el 90 por ciento de las usuarias son mujeres y el 10 por ciento fueron hombres, la mayor\u00eda eran j\u00f3venes de entre 20 y 29 a\u00f1os de edad (57.7 %) y de 18 a 19 a\u00f1os, constituyeron el 11.5 por ciento de las llamadas. Sin embargo, expusieron que las mujeres que solicitaron informaci\u00f3n sus edades oscilan entre los 18 y m\u00e1s de 40 a\u00f1os.<\/p>\n\n\n\n<p>Hasta ahora el Hospital General \u201cDr. Aurelio Valdieso\u201d, la Cl\u00ednica de la Mujer en Santa Rosa y recientemente el Centro de Salud de Volcanes son las instituciones donde personal especializado atiende las solicitudes de aborto legal.<\/p>\n\n\n\n<p>Por su parte, Tete Jasso se\u00f1ala que la Covid 19 fue sin duda un parteaguas, no s\u00f3lo en la atenci\u00f3n de la salud sino tambi\u00e9n en las solicitudes de las mujeres para interrumpir el embarazo y afirm\u00f3 que las instituciones de salud deben saber que la atenci\u00f3n a las mujeres es una prioridad.<\/p>\n\n\n\n<p>\u201cEn nuestro imaginario podr\u00edamos decir que todas las mujeres saben que el aborto es un derecho, pero no lo saben a ciencia a cierta, no hay informaci\u00f3n directa a la poblaci\u00f3n usuaria y, por otro lado, los estigmas sociales siguen siendo un obst\u00e1culo para que el aborto legal sea una realidad\u201d.<\/p>\n\n\n\n<p>En ello coincide su compa\u00f1era Jasso quien revela que persisten ideas que criminalizan y culpabilizan a las mujeres que abortan, mitos que han sido internalizados en las personas y que se convierten en obst\u00e1culos que impiden acceder de forma libre y voluntaria a ese derecho.<\/p>\n\n\n\n<p>Sin embargo, conf\u00eda en que a trav\u00e9s de las redes sociales la informaci\u00f3n fluye a cientos de mujeres y eso podr\u00eda ayudar a la toma de decisiones.<\/p>\n\n\n\n<p>AURELIA Y LA ESPERANZA<\/p>\n\n\n\n<p>\u201cSoy un pa\u00f1uelo verde, abrimos las puertas, salimos a la calle, gritamos por nuestros derechos y me da gusto que por esa puerta pasen hoy las m\u00e1s j\u00f3venes, dice Aurelia quien hace varios a\u00f1os tuvo un aborto. Explica que fueron las circunstancias econ\u00f3micas las que la obligaron a tomar esa decisi\u00f3n que no es f\u00e1cil.<\/p>\n\n\n\n<p>A lo largo de su vida permaneci\u00f3 al margen de la lucha feminista a favor de la despenalizaci\u00f3n del aborto hasta que tuvo que hacerlo. Hoy lo entiende mejor y est\u00e1 m\u00e1s tranquila desde que se aprob\u00f3 el aborto en Oaxaca, \u201ceso evita que las j\u00f3venes arriesguen su vida como lo hicimos muchas de mi generaci\u00f3n o que tengan que pagar fortunas a m\u00e9dicos sin escr\u00fapulos y, en el peor de los casos, que mueran ante una mala pr\u00e1ctica m\u00e9dica.<\/p>\n\n\n\n<p>Lo que hoy tenemos que hacer es quitar el estigma y la discriminaci\u00f3n, desechar las ideas patriarcales sobre la obligaci\u00f3n de las mujeres a ser madres por siempre, porque las m\u00e1s j\u00f3venes aspiran a mucho m\u00e1s de lo que hicimos nosotras.<\/p>\n","protected":false},"excerpt":{"rendered":"<p>Soledad Jarqu\u00edn \u00c9dgar\/Sem M\u00e9xico. Oaxaca de Ju\u00e1rez, Oax., 29 de septiembre de 2021.- Septiembre es&hellip;<\/p>\n","protected":false},"author":2,"featured_media":17896,"comment_status":"closed","ping_status":"open","sticky":false,"template":"","format":"standard","meta":{"_lmt_disableupdate":"","_lmt_disable":"","_jetpack_memberships_contains_paid_content":false,"footnotes":""},"categories":[109,46],"tags":[765],"class_list":["post-32575","post","type-post","status-publish","format-standard","has-post-thumbnail","hentry","category-minuto-a-minuto","category-zona-blanca","tag-despenalizacion-del-aborto-en-oaxaca"],"jetpack_featured_media_url":"https:\/\/zonaroja.com.mx\/wp-content\/uploads\/2020\/09\/Campana-aborto-real.jpg","jetpack_sharing_enabled":true,"_links":{"self":[{"href":"https:\/\/zonaroja.com.mx\/index.php?rest_route=\/wp\/v2\/posts\/32575","targetHints":{"allow":["GET"]}}],"collection":[{"href":"https:\/\/zonaroja.com.mx\/index.php?rest_route=\/wp\/v2\/posts"}],"about":[{"href":"https:\/\/zonaroja.com.mx\/index.php?rest_route=\/wp\/v2\/types\/post"}],"author":[{"embeddable":true,"href":"https:\/\/zonaroja.com.mx\/index.php?rest_route=\/wp\/v2\/users\/2"}],"replies":[{"embeddable":true,"href":"https:\/\/zonaroja.com.mx\/index.php?rest_route=%2Fwp%2Fv2%2Fcomments&post=32575"}],"version-history":[{"count":1,"href":"https:\/\/zonaroja.com.mx\/index.php?rest_route=\/wp\/v2\/posts\/32575\/revisions"}],"predecessor-version":[{"id":32576,"href":"https:\/\/zonaroja.com.mx\/index.php?rest_route=\/wp\/v2\/posts\/32575\/revisions\/32576"}],"wp:featuredmedia":[{"embeddable":true,"href":"https:\/\/zonaroja.com.mx\/index.php?rest_route=\/wp\/v2\/media\/17896"}],"wp:attachment":[{"href":"https:\/\/zonaroja.com.mx\/index.php?rest_route=%2Fwp%2Fv2%2Fmedia&parent=32575"}],"wp:term":[{"taxonomy":"category","embeddable":true,"href":"https:\/\/zonaroja.com.mx\/index.php?rest_route=%2Fwp%2Fv2%2Fcategories&post=32575"},{"taxonomy":"post_tag","embeddable":true,"href":"https:\/\/zonaroja.com.mx\/index.php?rest_route=%2Fwp%2Fv2%2Ftags&post=32575"}],"curies":[{"name":"wp","href":"https:\/\/api.w.org\/{rel}","templated":true}]}}