{"id":32577,"date":"2021-09-29T08:48:42","date_gmt":"2021-09-29T13:48:42","guid":{"rendered":"http:\/\/www.zonaroja.com.mx\/?p=32577"},"modified":"2021-09-29T08:48:45","modified_gmt":"2021-09-29T13:48:45","slug":"grave-de-salud-menor-de-edad-baleado-en-la-ciudad-de-oaxaca","status":"publish","type":"post","link":"https:\/\/zonaroja.com.mx\/?p=32577","title":{"rendered":"Grave de salud, menor de edad baleado en la ciudad de Oaxaca"},"content":{"rendered":"\n<p>Redacci\u00f3n\/Zona Roja.<\/p>\n\n\n\n<p>Oaxaca de Ju\u00e1rez, Oax., 29 de septiembre de 2021.- Como grave de salud fue reportado esta ma\u00f1ana el menor de 11 a\u00f1os de edad que fue lesionado de bala en el rostro en la colonia Heladio Ram\u00edrez L\u00f3pez de la agencia de Santa Rosa Panzacola, Oaxaca de Ju\u00e1rez.<\/p>\n\n\n\n<p>Los hechos sucedieron la tarde del pasado lunes en que se suscit\u00f3 una agresi\u00f3n armada tras un asalto, en un local ubicado en la avenida Jos\u00e9 Murat.<\/p>\n\n\n\n<p>Carlos, el padre de Omar J. R. se opuso al atraco, por lo que los delincuentes accionaron un arma de fuego, que impact\u00f3 en el rostro del menor de edad.<\/p>\n\n\n\n<p>Los param\u00e9dicos de la Cruz Roja Mexicana fueron movilizados al lugar, en tanto la polic\u00eda municipal inici\u00f3 con recorridos por la zona, sin localizar a los delincuentes.<\/p>\n\n\n\n<p>El menor fue atendido por personal param\u00e9dico y debido a su delicado estado de salud fue trasladado de emergencia al Hospital General \u201cDr. Aurelio Valdivieso\u201d, donde qued\u00f3 encamada y permanece grave de salud.<\/p>\n\n\n\n<p>Los elementos polic\u00edacos procedieron a realizar recorridos, pero no lograron localizar a los presuntos responsables.<\/p>\n","protected":false},"excerpt":{"rendered":"<p>Redacci\u00f3n\/Zona Roja. Oaxaca de Ju\u00e1rez, Oax., 29 de septiembre de 2021.- Como grave de salud&hellip;<\/p>\n","protected":false},"author":2,"featured_media":32578,"comment_status":"closed","ping_status":"open","sticky":false,"template":"","format":"standard","meta":{"_lmt_disableupdate":"","_lmt_disable":"","_jetpack_memberships_contains_paid_content":false,"footnotes":""},"categories":[109,51],"tags":[],"class_list":["post-32577","post","type-post","status-publish","format-standard","has-post-thumbnail","hentry","category-minuto-a-minuto","category-zona-roja"],"jetpack_featured_media_url":"https:\/\/zonaroja.com.mx\/wp-content\/uploads\/2021\/09\/Colonia-Heladio-ciudad-de-Oaxaca.jpg","jetpack_sharing_enabled":true,"_links":{"self":[{"href":"https:\/\/zonaroja.com.mx\/index.php?rest_route=\/wp\/v2\/posts\/32577","targetHints":{"allow":["GET"]}}],"collection":[{"href":"https:\/\/zonaroja.com.mx\/index.php?rest_route=\/wp\/v2\/posts"}],"about":[{"href":"https:\/\/zonaroja.com.mx\/index.php?rest_route=\/wp\/v2\/types\/post"}],"author":[{"embeddable":true,"href":"https:\/\/zonaroja.com.mx\/index.php?rest_route=\/wp\/v2\/users\/2"}],"replies":[{"embeddable":true,"href":"https:\/\/zonaroja.com.mx\/index.php?rest_route=%2Fwp%2Fv2%2Fcomments&post=32577"}],"version-history":[{"count":1,"href":"https:\/\/zonaroja.com.mx\/index.php?rest_route=\/wp\/v2\/posts\/32577\/revisions"}],"predecessor-version":[{"id":32579,"href":"https:\/\/zonaroja.com.mx\/index.php?rest_route=\/wp\/v2\/posts\/32577\/revisions\/32579"}],"wp:featuredmedia":[{"embeddable":true,"href":"https:\/\/zonaroja.com.mx\/index.php?rest_route=\/wp\/v2\/media\/32578"}],"wp:attachment":[{"href":"https:\/\/zonaroja.com.mx\/index.php?rest_route=%2Fwp%2Fv2%2Fmedia&parent=32577"}],"wp:term":[{"taxonomy":"category","embeddable":true,"href":"https:\/\/zonaroja.com.mx\/index.php?rest_route=%2Fwp%2Fv2%2Fcategories&post=32577"},{"taxonomy":"post_tag","embeddable":true,"href":"https:\/\/zonaroja.com.mx\/index.php?rest_route=%2Fwp%2Fv2%2Ftags&post=32577"}],"curies":[{"name":"wp","href":"https:\/\/api.w.org\/{rel}","templated":true}]}}