{"id":32580,"date":"2021-09-29T08:56:25","date_gmt":"2021-09-29T13:56:25","guid":{"rendered":"http:\/\/www.zonaroja.com.mx\/?p=32580"},"modified":"2021-09-29T08:56:28","modified_gmt":"2021-09-29T13:56:28","slug":"opinion-clases-medias-enojadas","status":"publish","type":"post","link":"https:\/\/zonaroja.com.mx\/?p=32580","title":{"rendered":"Opini\u00f3n. \u00bfClases medias enojadas?"},"content":{"rendered":"\n<p>Gibr\u00e1n Ram\u00edrez Reyes*<\/p>\n\n\n\n<p>En la izquierda no hemos terminado de explicarnos la derrota de las pasadas elecciones. La ret\u00f3rica sigue siendo triunfalista y el equipo pol\u00edtico m\u00e1s poderoso \u2013el de la Jefatura de Gobierno\u2013 no ha emprendido alg\u00fan giro estrat\u00e9gico radical. Es preocupante. Seg\u00fan la encuesta de Alejandro Moreno publicada recientemente, Claudia Sheinbaum goza de una aprobaci\u00f3n del 57 por ciento de los habitantes.<\/p>\n\n\n\n<p>A estas alturas de sus respectivos sexenios, Marcelo Ebrard y Andr\u00e9s Manuel L\u00f3pez Obrador ten\u00edan una evaluaci\u00f3n relativamente diferente, pero ninguno de ellos lleg\u00f3 a perder la elecci\u00f3n intermedia.<\/p>\n\n\n\n<p>AMLO lleg\u00f3 a 2003 ciertamente imbatible, con niveles de aprobaci\u00f3n superiores a 80 por ciento y que en ocasiones rozaban el 90 por ciento, mientras Marcelo Ebrard puntuaba a la mitad de su sexenio 60 por ciento, no tan lejano del actual 57 por ciento de Sheinbaum. La burocracia del PRD se hallaba entonces dividida, despu\u00e9s de la guerra interna en la que mediante argucias legales el Tribunal entreg\u00f3 a Jes\u00fas Ortega la presidencia del PRD que en realidad hab\u00eda ganado Alejandro Encinas.<\/p>\n\n\n\n<p>La circunstancia se complic\u00f3 m\u00e1s por el hist\u00f3rico choque entre el obradorismo y Los Chuchos: la contienda de Iztapalapa encabezada personalmente por L\u00f3pez Obrador y Clara Brugada.<\/p>\n\n\n\n<p>Si la circunstancia era en esos tiempos aparentemente m\u00e1s compleja, \u00bfpor qu\u00e9 Morena y la izquierda perdieron la mayor parte de los espacios en Ciudad de M\u00e9xico en las pasadas elecciones de 2021? La explicaci\u00f3n se distribuy\u00f3 entre la b\u00fasqueda de chivos expiatorios y traidores \u2013que en 2009 ciertamente abundaron\u2013, adem\u00e1s de culpar a cierta clase media \u201caspiracionista\u201d de haber votado por la derecha desde la ignorancia o la frivolidad.<\/p>\n\n\n\n<p>Creo que ambas hip\u00f3tesis sirven para aliviar la conciencia de algunos partidarios, pero mucho me temo que tienen poco potencial explicativo. Eludir la autocr\u00edtica puede derivar en la imposibilidad de un diagn\u00f3stico honesto y, por tanto, en la incapacidad de corregir. Lo primero que habr\u00eda que cuestionar es si la circunstancia de Morena es menos compleja que la del PRD en 2009 o solo fue menos visible y conflictiva, entre otras cosas por el encierro pand\u00e9mico.<\/p>\n\n\n\n<p>Es, sin embargo, muy probable que la opacidad y el autoritarismo de los m\u00e9todos de elecci\u00f3n, as\u00ed como la exclusi\u00f3n de buena parte del partido de las definiciones, hayan generado una distancia entre el partido y la base que estar\u00eda llamada a servirle de plataforma promotora.<\/p>\n\n\n\n<p>La encuesta de Alejandro Moreno deja ver tambi\u00e9n otras cosas: que las clases medias prefieren a Claudia Sheinbaum (62 por ciento), mientras las populares la aprueban solo minoritariamente (46 por ciento), o que la mayor parte del electorado de la ciudad (53 por ciento) no votar\u00eda por ella si se presentara a una elecci\u00f3n como candidata a la presidencia de la Rep\u00fablica.<\/p>\n\n\n\n<p>Si esto se suma a las din\u00e1micas de movilizaci\u00f3n, de raigambre mucho m\u00e1s ideol\u00f3gica, se obtendr\u00e1 que en materia electoral Morena en Ciudad de M\u00e9xico, ahora mismo, est\u00e1 en el peor de los mundos: el gobierno de Ciudad de M\u00e9xico le habla m\u00e1s y m\u00e1s efectivamente a las clases medias y altas, pero entre estas, son las de derecha las que se movilizan principalmente para influir en las votaciones, como se atestigu\u00f3 en algunos de los distritos electorales federales de las demarcaciones Miguel Hidalgo y Benito Ju\u00e1rez.<\/p>\n\n\n\n<p>*Doctor en ciencia pol\u00edtica por la UNAM.<\/p>\n","protected":false},"excerpt":{"rendered":"<p>Gibr\u00e1n Ram\u00edrez Reyes* En la izquierda no hemos terminado de explicarnos la derrota de las&hellip;<\/p>\n","protected":false},"author":2,"featured_media":24099,"comment_status":"closed","ping_status":"open","sticky":false,"template":"","format":"standard","meta":{"_lmt_disableupdate":"","_lmt_disable":"","_jetpack_memberships_contains_paid_content":false,"footnotes":""},"categories":[456,109],"tags":[2489],"class_list":["post-32580","post","type-post","status-publish","format-standard","has-post-thumbnail","hentry","category-columna","category-minuto-a-minuto","tag-gibran-ramirez-reyes"],"jetpack_featured_media_url":"https:\/\/zonaroja.com.mx\/wp-content\/uploads\/2021\/02\/Gibran-Ramirez-Reyes.jpg","jetpack_sharing_enabled":true,"_links":{"self":[{"href":"https:\/\/zonaroja.com.mx\/index.php?rest_route=\/wp\/v2\/posts\/32580","targetHints":{"allow":["GET"]}}],"collection":[{"href":"https:\/\/zonaroja.com.mx\/index.php?rest_route=\/wp\/v2\/posts"}],"about":[{"href":"https:\/\/zonaroja.com.mx\/index.php?rest_route=\/wp\/v2\/types\/post"}],"author":[{"embeddable":true,"href":"https:\/\/zonaroja.com.mx\/index.php?rest_route=\/wp\/v2\/users\/2"}],"replies":[{"embeddable":true,"href":"https:\/\/zonaroja.com.mx\/index.php?rest_route=%2Fwp%2Fv2%2Fcomments&post=32580"}],"version-history":[{"count":1,"href":"https:\/\/zonaroja.com.mx\/index.php?rest_route=\/wp\/v2\/posts\/32580\/revisions"}],"predecessor-version":[{"id":32581,"href":"https:\/\/zonaroja.com.mx\/index.php?rest_route=\/wp\/v2\/posts\/32580\/revisions\/32581"}],"wp:featuredmedia":[{"embeddable":true,"href":"https:\/\/zonaroja.com.mx\/index.php?rest_route=\/wp\/v2\/media\/24099"}],"wp:attachment":[{"href":"https:\/\/zonaroja.com.mx\/index.php?rest_route=%2Fwp%2Fv2%2Fmedia&parent=32580"}],"wp:term":[{"taxonomy":"category","embeddable":true,"href":"https:\/\/zonaroja.com.mx\/index.php?rest_route=%2Fwp%2Fv2%2Fcategories&post=32580"},{"taxonomy":"post_tag","embeddable":true,"href":"https:\/\/zonaroja.com.mx\/index.php?rest_route=%2Fwp%2Fv2%2Ftags&post=32580"}],"curies":[{"name":"wp","href":"https:\/\/api.w.org\/{rel}","templated":true}]}}