{"id":32583,"date":"2021-09-29T13:58:23","date_gmt":"2021-09-29T18:58:23","guid":{"rendered":"https:\/\/www.zonaroja.com.mx\/?p=32583"},"modified":"2021-09-29T13:58:27","modified_gmt":"2021-09-29T18:58:27","slug":"denuncian-acoso-y-hostigamiento-sexual-ademas-de-corrupcion-en-tecnologico-cmic","status":"publish","type":"post","link":"https:\/\/zonaroja.com.mx\/?p=32583","title":{"rendered":"Denuncian acoso y hostigamiento sexual, adem\u00e1s de corrupci\u00f3n en Tecnol\u00f3gico CMIC"},"content":{"rendered":"\n<p><\/p>\n\n\n\n<p>Evlin Arag\u00f3n\/Zona Roja.&nbsp;<\/p>\n\n\n\n<p>Oaxaca de Ju\u00e1rez, Oax., 29 de septiembre de 2021.- Personal del Instituto Tecnol\u00f3gico de la Construcci\u00f3n (ITC) exigi\u00f3 la destituci\u00f3n de Francisco Jes\u00fas S\u00e1nchez Mart\u00ednez, actual director, a quien acusan de acoso y hostigamiento sexual, as\u00ed como de corrupci\u00f3n y mal uso de los ingresos e irregularidades administrativas al interior de la instituci\u00f3n.&nbsp;<\/p>\n\n\n\n<p>Desde temprana hora de&nbsp;este mi\u00e9rcoles&nbsp;cerraron las instalaciones del ITC Campus Oaxaca, ubicadas en inmediaciones de la colonia Ol\u00edmpica, para hacer la denuncia p\u00fablica y asegurar que todas las irregulares han sido solapadas por el rector a nivel nacional Marco Vinicio L\u00f3pez Gonz\u00e1lez.&nbsp;&nbsp;<\/p>\n\n\n\n<p>En conferencia de prensa, trabajadoras administrativas denunciaron haber sido v\u00edctimas de acoso laboral desde el arribo del actual director, en junio del 2020, quien amenaz\u00f3 con despedir a todo el personal que no se alineara a sus disposiciones.&nbsp;<\/p>\n\n\n\n<p>\u201cEstamos exigiendo la salida del director porque no est\u00e1 abierto al di\u00e1logo desde hace mucho tiempo, situaci\u00f3n que complica la administraci\u00f3n del instituto. Hemos intentado hablar en cinco ocasiones con \u00e9l y solo nos ha amenazado, humillado e incluso nos ha hecho llorar\u201d, indicaron.&nbsp;<\/p>\n\n\n\n<p>Ah\u00ed mismo explicaron que algunas alumnas han sido v\u00edctimas de acoso sexual, toda vez que han sido fotografiadas con la intenci\u00f3n de difundir las im\u00e1genes mediante los grupos de Whatsapp y las redes sociales, responsabilizando de ello al personal masculino que labora en la instituci\u00f3n. <\/p>\n\n\n\n<p><div class=\"twitter-tweet\"><blockquote class=\"twitter-tweet\" data-lang=\"es\"><p lang=\"es\" dir=\"ltr\"><a href=\"https:\/\/twitter.com\/hashtag\/ENVIVO?src=hash&amp;ref_src=twsrc%5Etfw\">#ENVIVO<\/a><br>Oaxaca de Ju\u00e1rez, Oax., 29 de septiembre de 2021.- Conferencia de prensa de trabajadoras del Instituto Tecnol\u00f3gico que denuncian acoso sexual por parte de directivos que encabeza el director Francisco Jes\u00fas Mart\u00ednez S\u00e1nchez.<br>Siga la transmisi\u00f3n:<br>\ud83d\udc47<a href=\"https:\/\/t.co\/5FIu5JCQ1L\">https:\/\/t.co\/5FIu5JCQ1L<\/a><\/p>&mdash; Zona Roja Oaxaca (@Zona_Roja_Oax) <a href=\"https:\/\/twitter.com\/Zona_Roja_Oax\/status\/1443228668860448770?ref_src=twsrc%5Etfw\">29 de septiembre de 2021<\/a><\/blockquote><\/div><\/p>\n\n\n\n<p>\u00abAlumnas se acercaron para reportar que dos integrantes del personal masculino de la instituci\u00f3n tomaban fotos de ellas y las compart\u00edan con los alumnos, por eso es que ellas se enteraron. Posteriormente a nosotras nos comentaron que nos hab\u00edan tomado fotos tambi\u00e9n, lo cual reportamos ante Recursos Humanos y luego al director quien solo levant\u00f3 un acta administrativa a pesar de que se trata de un delito grave\u00bb, manifestaron.&nbsp;<\/p>\n\n\n\n<p>En este mismo sentido, denunciaron tambi\u00e9n el mal uso de los ingresos por parte del director quien ha impuesto como proveedores a sus amigos y conocidos, lo cual repercute en la administraci\u00f3n de la instituci\u00f3n.&nbsp;&nbsp;<\/p>\n\n\n\n<p>A lo anterior se suma el incremento de las colegiaturas desde un 20 por ciento, sin aviso previo, lo que contribuy\u00f3 en la deserci\u00f3n escolar; adem\u00e1s que solicita que las becas se otorguen a ciertos alumnos buscando beneficios personales.&nbsp;<\/p>\n\n\n\n<p>Finalmente, aseguraron que Francisco Jes\u00fas S\u00e1nchez Mart\u00ednez apoyado por el rector decidi\u00f3 el despido injustificado del personal violando sus derechos laborales, acci\u00f3n por la que acudieron a la Defensor\u00eda de los Derechos Humanos del Pueblo de Oaxaca (DDHPO), donde les hicieron ver que no proced\u00eda su queja al tratarse de un asunto entre particulares.&nbsp;&nbsp;<\/p>\n\n\n\n<p>Por lo anterior pidieron un alto a la corrupci\u00f3n y violencia que se vive al interior de la instituci\u00f3n, a la par que solicitaron una mesa de di\u00e1logo con el presidente en Oaxaca de la C\u00e1mara Mexicana de la Industria de la Construcci\u00f3n (CMIC), Misael Elorza Aguilar, a fin de que intervenga y solucione la problem\u00e1tica, toda vez que el instituto depende de dicho \u00f3rgano. <\/p>\n","protected":false},"excerpt":{"rendered":"<p>Evlin Arag\u00f3n\/Zona Roja.&nbsp; Oaxaca de Ju\u00e1rez, Oax., 29 de septiembre de 2021.- Personal del Instituto&hellip;<\/p>\n","protected":false},"author":2,"featured_media":32582,"comment_status":"closed","ping_status":"open","sticky":false,"template":"","format":"standard","meta":{"_lmt_disableupdate":"","_lmt_disable":"","_jetpack_memberships_contains_paid_content":false,"footnotes":""},"categories":[109,47],"tags":[],"class_list":["post-32583","post","type-post","status-publish","format-standard","has-post-thumbnail","hentry","category-minuto-a-minuto","category-zona-gris"],"jetpack_featured_media_url":"https:\/\/zonaroja.com.mx\/wp-content\/uploads\/2021\/09\/d8845621-bd53-4517-928f-9429de247d97.jpg","jetpack_sharing_enabled":true,"_links":{"self":[{"href":"https:\/\/zonaroja.com.mx\/index.php?rest_route=\/wp\/v2\/posts\/32583","targetHints":{"allow":["GET"]}}],"collection":[{"href":"https:\/\/zonaroja.com.mx\/index.php?rest_route=\/wp\/v2\/posts"}],"about":[{"href":"https:\/\/zonaroja.com.mx\/index.php?rest_route=\/wp\/v2\/types\/post"}],"author":[{"embeddable":true,"href":"https:\/\/zonaroja.com.mx\/index.php?rest_route=\/wp\/v2\/users\/2"}],"replies":[{"embeddable":true,"href":"https:\/\/zonaroja.com.mx\/index.php?rest_route=%2Fwp%2Fv2%2Fcomments&post=32583"}],"version-history":[{"count":1,"href":"https:\/\/zonaroja.com.mx\/index.php?rest_route=\/wp\/v2\/posts\/32583\/revisions"}],"predecessor-version":[{"id":32584,"href":"https:\/\/zonaroja.com.mx\/index.php?rest_route=\/wp\/v2\/posts\/32583\/revisions\/32584"}],"wp:featuredmedia":[{"embeddable":true,"href":"https:\/\/zonaroja.com.mx\/index.php?rest_route=\/wp\/v2\/media\/32582"}],"wp:attachment":[{"href":"https:\/\/zonaroja.com.mx\/index.php?rest_route=%2Fwp%2Fv2%2Fmedia&parent=32583"}],"wp:term":[{"taxonomy":"category","embeddable":true,"href":"https:\/\/zonaroja.com.mx\/index.php?rest_route=%2Fwp%2Fv2%2Fcategories&post=32583"},{"taxonomy":"post_tag","embeddable":true,"href":"https:\/\/zonaroja.com.mx\/index.php?rest_route=%2Fwp%2Fv2%2Ftags&post=32583"}],"curies":[{"name":"wp","href":"https:\/\/api.w.org\/{rel}","templated":true}]}}