{"id":32585,"date":"2021-09-29T16:57:16","date_gmt":"2021-09-29T21:57:16","guid":{"rendered":"http:\/\/www.zonaroja.com.mx\/?p=32585"},"modified":"2021-09-29T17:09:10","modified_gmt":"2021-09-29T22:09:10","slug":"autoridades-de-jocotepec-cumplen-dos-dias-retenidos-inconformes-bloquean-carretera","status":"publish","type":"post","link":"https:\/\/zonaroja.com.mx\/?p=32585","title":{"rendered":"Autoridades de Jocotepec cumplen tres d\u00edas retenidos; inconformes bloquean carretera"},"content":{"rendered":"\n<p>Evlin Arag\u00f3n\/Zona Roja.<\/p>\n\n\n\n<p>Oaxaca de Ju\u00e1rez, Oax., 29 de septiembre de 2021.- Ante la nula atenci\u00f3n por parte de la Secretar\u00eda General de Gobierno (Segego), a cargo de Francisco Garc\u00eda L\u00f3pez, pobladores de Santiago Jocotepec, municipio ubicado en la regi\u00f3n Cuenca del Papaloapan, retuvieron y desarmaron a elementos de la Polic\u00eda Estatal que acudieron al llamado en torno a un conflicto interno en la demarcaci\u00f3n.&nbsp;<\/p>\n\n\n\n<p>Adem\u00e1s, por tercer d\u00eda consecutivo, mantienen retenidas a sus autoridades municipales, incluido el edil, as\u00ed como funcionarios federales; ante nula respuesta, desde este d\u00eda bloquean la carretera que comunica a Tuxtepec.<\/p>\n\n\n\n<p>Anoche, al menos cuatro elementos de la corporaci\u00f3n oaxaque\u00f1a fueron desarmados entre gritos por parte de la poblaci\u00f3n que les exig\u00eda firmar un documento en el que voluntariamente ced\u00edan el armamento.&nbsp;<\/p>\n\n\n\n<p>\u201cQue se levante un documento. Tomen la foto donde est\u00e1n entregando voluntariamente las armas y el chaleco tambi\u00e9n\u201d, se escucha decir a pobladores en el video, mismo que muestra como meten el armamento al interior de uno costales blancos y posteriormente los resguardan en un cuarto.<\/p>\n\n\n\n<p>El material audiovisual tambi\u00e9n demuestra la actitud conciliadora con la actuaron los elementos polic\u00edacos, quienes para no encender a\u00fan m\u00e1s los \u00e1nimos aceptaron guardar sus armas, aunque solicitaron que alguien se hiciera responsable de ellas, debido al riesgo que genera el que pudieran caer en otras manos.&nbsp;<\/p>\n\n\n\n<p>\u201cNosotros de buena manera nos estamos desarmando, pero ustedes se tienen que hacer responsables de todo el equipo. Nosotros tambi\u00e9n tenemos derechos\u201d, asegur\u00f3 uno de los oficiales a la poblaci\u00f3n que lanzaba gritos.<\/p>\n\n\n\n<figure class=\"wp-block-embed is-type-rich is-provider-twitter wp-block-embed-twitter\"><div class=\"wp-block-embed__wrapper\">\n<div class=\"twitter-tweet\"><blockquote class=\"twitter-tweet\" data-lang=\"es\"><p lang=\"es\" dir=\"ltr\"><a href=\"https:\/\/twitter.com\/hashtag\/OaxacaGris?src=hash&amp;ref_src=twsrc%5Etfw\">#OaxacaGris<\/a><br>Ante la nula atenci\u00f3n de la <a href=\"https:\/\/twitter.com\/SEGEGO_GobOax?ref_src=twsrc%5Etfw\">@SEGEGO_GobOax<\/a>, pobladores de Santiago Jocotepec, desarman a elementos de la <a href=\"https:\/\/twitter.com\/Policia_GobOax?ref_src=twsrc%5Etfw\">@Policia_GobOax<\/a>; mantienen adem\u00e1s retenidas desde ayer a autoridades municipales, en demanda de obras p\u00fablicas. <a href=\"https:\/\/t.co\/nEBP4csREN\">pic.twitter.com\/nEBP4csREN<\/a><\/p>&mdash; Zona Roja Oaxaca (@Zona_Roja_Oax) <a href=\"https:\/\/twitter.com\/Zona_Roja_Oax\/status\/1443203522166657036?ref_src=twsrc%5Etfw\">29 de septiembre de 2021<\/a><\/blockquote><\/div>\n<\/div><\/figure>\n\n\n\n<p>DESLINDAN A POLIC\u00cdA<\/p>\n\n\n\n<p>La retenci\u00f3n de los elementos polic\u00edacos fue confirmada por el titular de la Secretar\u00eda de Seguridad P\u00fablica de Oaxaca (SSPO), Heliodoro D\u00edaz Esc\u00e1rraga, quien asegur\u00f3 que la corporaci\u00f3n a su cargo nada tiene que ver con el conflicto interno que se vive en Santiago Jocotepec y asegur\u00f3 que el propio gobernador Alejandro Murat Hinojosa gir\u00f3 instrucciones para la soluci\u00f3n de la problem\u00e1tica.<\/p>\n\n\n\n<p>Y es que, desde el domingo pasado, habitantes de las localidades: Plan Mart\u00edn Chino, Playa Lim\u00f3n, Plan de San Luis, San Antonio las Palmas y La Isla pertenecientes a dicho municipio, mantienen retenido a su presidente municipal, Carlos Esc\u00e1rcega P\u00e9rez, a quien acusan de no asignarles el recurso de los ramos 28 y 33 que por ley les corresponde.&nbsp;<\/p>\n\n\n\n<p>De acuerdo con el grupo inconforme, el edil se ha negado a responder a la demanda de obra p\u00fablica y asignaci\u00f3n de recursos, por el contrario, se dice amigo de altos mandos al interior del gobierno de estado, quienes incluso le han recomendado no firmar ning\u00fan tipo de compromiso con la poblaci\u00f3n.&nbsp;<\/p>\n\n\n\n<p>Desde hace tres d\u00edas el edil se encuentra retenido en Playa Lim\u00f3n, lugar al que fue trasladado al negarse a entablar pl\u00e1ticas y negociaciones con la poblaci\u00f3n que ha denunciado irregularidades en su administraci\u00f3n.&nbsp;&nbsp;<\/p>\n\n\n\n<p>Y ahora bloquean la v\u00eda federal, sin que la Segego medie y atienda la denuncia de pobladores de diversas comunidades.<\/p>\n","protected":false},"excerpt":{"rendered":"<p>Evlin Arag\u00f3n\/Zona Roja. Oaxaca de Ju\u00e1rez, Oax., 29 de septiembre de 2021.- Ante la nula&hellip;<\/p>\n","protected":false},"author":2,"featured_media":32587,"comment_status":"closed","ping_status":"open","sticky":false,"template":"","format":"standard","meta":{"_lmt_disableupdate":"","_lmt_disable":"","_jetpack_memberships_contains_paid_content":false,"footnotes":""},"categories":[109,47],"tags":[2034],"class_list":["post-32585","post","type-post","status-publish","format-standard","has-post-thumbnail","hentry","category-minuto-a-minuto","category-zona-gris","tag-santiago-jocotepec"],"jetpack_featured_media_url":"https:\/\/zonaroja.com.mx\/wp-content\/uploads\/2021\/09\/47c3a443-18e3-4194-a557-b47f8df3e9ff.jpg","jetpack_sharing_enabled":true,"_links":{"self":[{"href":"https:\/\/zonaroja.com.mx\/index.php?rest_route=\/wp\/v2\/posts\/32585","targetHints":{"allow":["GET"]}}],"collection":[{"href":"https:\/\/zonaroja.com.mx\/index.php?rest_route=\/wp\/v2\/posts"}],"about":[{"href":"https:\/\/zonaroja.com.mx\/index.php?rest_route=\/wp\/v2\/types\/post"}],"author":[{"embeddable":true,"href":"https:\/\/zonaroja.com.mx\/index.php?rest_route=\/wp\/v2\/users\/2"}],"replies":[{"embeddable":true,"href":"https:\/\/zonaroja.com.mx\/index.php?rest_route=%2Fwp%2Fv2%2Fcomments&post=32585"}],"version-history":[{"count":2,"href":"https:\/\/zonaroja.com.mx\/index.php?rest_route=\/wp\/v2\/posts\/32585\/revisions"}],"predecessor-version":[{"id":32588,"href":"https:\/\/zonaroja.com.mx\/index.php?rest_route=\/wp\/v2\/posts\/32585\/revisions\/32588"}],"wp:featuredmedia":[{"embeddable":true,"href":"https:\/\/zonaroja.com.mx\/index.php?rest_route=\/wp\/v2\/media\/32587"}],"wp:attachment":[{"href":"https:\/\/zonaroja.com.mx\/index.php?rest_route=%2Fwp%2Fv2%2Fmedia&parent=32585"}],"wp:term":[{"taxonomy":"category","embeddable":true,"href":"https:\/\/zonaroja.com.mx\/index.php?rest_route=%2Fwp%2Fv2%2Fcategories&post=32585"},{"taxonomy":"post_tag","embeddable":true,"href":"https:\/\/zonaroja.com.mx\/index.php?rest_route=%2Fwp%2Fv2%2Ftags&post=32585"}],"curies":[{"name":"wp","href":"https:\/\/api.w.org\/{rel}","templated":true}]}}