{"id":32589,"date":"2021-09-29T18:25:03","date_gmt":"2021-09-29T23:25:03","guid":{"rendered":"https:\/\/www.zonaroja.com.mx\/?p=32589"},"modified":"2021-09-29T18:25:07","modified_gmt":"2021-09-29T23:25:07","slug":"asegura-la-fiscalia-que-investiga-con-perspectiva-de-genero-el-caso-de-fanny-guadalupe","status":"publish","type":"post","link":"https:\/\/zonaroja.com.mx\/?p=32589","title":{"rendered":"Asegura la Fiscal\u00eda que investiga con perspectiva de g\u00e9nero el caso de Fanny Guadalupe"},"content":{"rendered":"\n<p><\/p>\n\n\n\n<p>Redacci\u00f3n\/Zona Roja. <\/p>\n\n\n\n<p>Oaxaca de Ju\u00e1rez, Oax., 29 de septiembre de 2021.- La Fiscal\u00eda General del Estado de Oaxaca asegur\u00f3 que un equipo multidisciplinario realiza una estricta investigaci\u00f3n bajo el Protocolo Ministerial, Policial y Pericial del Delito de Feminicidio en el Estado de Oaxaca respecto al deceso de la adolescente identificada como F. G. L. N. (Fanny Guadalupe), hechos ocurridos el 26 de septiembre de 2021, en la comunidad de El Porvenir, perteneciente al municipio de San Juan Cotzoc\u00f3n, en la zona Mixe.<\/p>\n\n\n\n<p>En un comunicado, inform\u00f3 que la&nbsp;Vicefiscal\u00eda Regional del Istmo inici\u00f3 la carpeta de investigaci\u00f3n 31710\/FIST\/FMUJ-TEHUANTEPEC\/2021 a efecto de determinar las responsabilidades que en su caso procedan \u201cderivado de los actos de investigaci\u00f3n que actualmente se llevan a cabo y en los cuales interviene un equipo multidisciplinario, para realizar las indagatorias iniciales en el lugar de los hechos al que acudieron peritos especializados en la materia\u201d.<\/p>\n\n\n\n<p>Refrend\u00f3 su compromiso de abordar este caso con perspectiva de g\u00e9nero y tomando en cuentas las particularidades espec\u00edficas de la v\u00edctima directa, as\u00ed como de las v\u00edctimas indirectas para garantizar su seguridad y su pleno acceso a la justicia.<\/p>\n\n\n\n<p>Asimismo, dijo que se analiza de manera minuciosa, la actuaci\u00f3n de los funcionarios de la Fiscal\u00eda que han tenido intervenci\u00f3n en los procedimientos legales, \u201ctanto en los hechos concretos como en los antecedentes que pudieran estar vinculados, por lo que, a partir de lo dispuesto en la Ley General de Responsabilidades Administrativas del Estado de Oaxaca, se realiza una indagatoria para determinar si existe alg\u00fan tipo de responsabilidad legal o administrativa y, en caso de hallar omisiones, determinar las sanciones correspondientes\u201d.<\/p>\n\n\n\n<p>Abund\u00f3 que dar seguimiento e informar de los avances, la Vicefiscal\u00eda Regional del Istmo ha sostenido reuniones con las v\u00edctimas indirectas, quienes est\u00e1n siendo informadas de las acciones ejecutadas y que forman parte de la carpeta de investigaci\u00f3n, cuidando de mantener en reserva, aquellos que por su naturaleza as\u00ed deban ser considerados.  <\/p>\n","protected":false},"excerpt":{"rendered":"<p>Redacci\u00f3n\/Zona Roja. Oaxaca de Ju\u00e1rez, Oax., 29 de septiembre de 2021.- La Fiscal\u00eda General del&hellip;<\/p>\n","protected":false},"author":2,"featured_media":32513,"comment_status":"closed","ping_status":"open","sticky":false,"template":"","format":"standard","meta":{"_lmt_disableupdate":"","_lmt_disable":"","_jetpack_memberships_contains_paid_content":false,"footnotes":""},"categories":[109,47],"tags":[2904],"class_list":["post-32589","post","type-post","status-publish","format-standard","has-post-thumbnail","hentry","category-minuto-a-minuto","category-zona-gris","tag-fanny-guadalupe-cotzocon"],"jetpack_featured_media_url":"https:\/\/zonaroja.com.mx\/wp-content\/uploads\/2021\/09\/Fanny-Guadalupe.jpg","jetpack_sharing_enabled":true,"_links":{"self":[{"href":"https:\/\/zonaroja.com.mx\/index.php?rest_route=\/wp\/v2\/posts\/32589","targetHints":{"allow":["GET"]}}],"collection":[{"href":"https:\/\/zonaroja.com.mx\/index.php?rest_route=\/wp\/v2\/posts"}],"about":[{"href":"https:\/\/zonaroja.com.mx\/index.php?rest_route=\/wp\/v2\/types\/post"}],"author":[{"embeddable":true,"href":"https:\/\/zonaroja.com.mx\/index.php?rest_route=\/wp\/v2\/users\/2"}],"replies":[{"embeddable":true,"href":"https:\/\/zonaroja.com.mx\/index.php?rest_route=%2Fwp%2Fv2%2Fcomments&post=32589"}],"version-history":[{"count":1,"href":"https:\/\/zonaroja.com.mx\/index.php?rest_route=\/wp\/v2\/posts\/32589\/revisions"}],"predecessor-version":[{"id":32590,"href":"https:\/\/zonaroja.com.mx\/index.php?rest_route=\/wp\/v2\/posts\/32589\/revisions\/32590"}],"wp:featuredmedia":[{"embeddable":true,"href":"https:\/\/zonaroja.com.mx\/index.php?rest_route=\/wp\/v2\/media\/32513"}],"wp:attachment":[{"href":"https:\/\/zonaroja.com.mx\/index.php?rest_route=%2Fwp%2Fv2%2Fmedia&parent=32589"}],"wp:term":[{"taxonomy":"category","embeddable":true,"href":"https:\/\/zonaroja.com.mx\/index.php?rest_route=%2Fwp%2Fv2%2Fcategories&post=32589"},{"taxonomy":"post_tag","embeddable":true,"href":"https:\/\/zonaroja.com.mx\/index.php?rest_route=%2Fwp%2Fv2%2Ftags&post=32589"}],"curies":[{"name":"wp","href":"https:\/\/api.w.org\/{rel}","templated":true}]}}