{"id":3259,"date":"2019-08-22T09:00:43","date_gmt":"2019-08-22T14:00:43","guid":{"rendered":"http:\/\/www.zonaroja.com.mx\/?p=3259"},"modified":"2019-08-21T20:15:42","modified_gmt":"2019-08-22T01:15:42","slug":"la-cineasta-oaxaquena-angeles-cruz-presentara-sus-cortometrajes-en-la-casa-de-la-mujer","status":"publish","type":"post","link":"https:\/\/zonaroja.com.mx\/?p=3259","title":{"rendered":"La cineasta oaxaque\u00f1a \u00c1ngeles Cruz presentar\u00e1 sus cortometrajes en la Casa de la Mujer"},"content":{"rendered":"\n<p>Evlin\nArag\u00f3n\/Zona Roja.<\/p>\n\n\n\n<p>Oaxaca de\nJu\u00e1rez, Oax., 21 de agosto de 2019.- La reconocida cineasta oaxaque\u00f1a \u00c1ngeles\nCruz presentar\u00e1 sus cortometrajes \u201cLa tiricia o como curar la tristeza\u201d y \u201cLa\nCarta\u201d, el pr\u00f3ximo jueves 29 de agosto en la capital de Oaxaca.<\/p>\n\n\n\n<p>La tambi\u00e9n\nactriz, originaria de Tlaxiaco, fue invitada por el Grupo de Estudios sobre la\nMujer \u201cRosario Castellanos\u201d, en cuyas instalaciones se llevar\u00e1 a cabo la\nproyecci\u00f3n de las cintas y una charla con su creadora para conocer el proceso\ncreativo que aborda distintos aspectos de la sexualidad.<\/p>\n\n\n\n<p>El primer\ncortometraje de la oaxaque\u00f1a titulado \u201cLa Tiricia o c\u00f3mo curar la tristeza\u201d,\nfue producido en el 2012, con el respaldo del Instituto Mexicano de\nCinematograf\u00eda (Imcine), presentado en festivales internacionales y ganador del\nAriel a Mejor Cortometraje en 2013.<\/p>\n\n\n\n<p>En este se retrata la historia de tres generaciones de mujeres que en diferentes tiempos han padecido, tolerado y permitido el abuso, arrastrando con ello la \u201ctiricia\u201d, enfermedad del alma cuando el coraz\u00f3n entristece.<\/p>\n\n\n\n<figure class=\"wp-block-embed-twitter wp-block-embed is-type-rich is-provider-twitter\"><div class=\"wp-block-embed__wrapper\">\n<div class=\"twitter-tweet\"><blockquote class=\"twitter-tweet\" data-lang=\"es\"><p lang=\"es\" dir=\"ltr\">El pr\u00f3ximo 29 de agosto la cineasta oaxaque\u00f1a \u00c1ngeles Cruz presentar\u00e1 en el GESMujer dos de sus cortometrajes de ficci\u00f3n (La Tiricia y La Carta) y hablar\u00e1 de su proceso creativo que aborda distintos aspectos de la sexualidad \ud83c\udfa5<br>La entrada es gratuita.<br>\u23f0 16:00 hrs. <a href=\"https:\/\/t.co\/q6ZlJP599Z\">pic.twitter.com\/q6ZlJP599Z<\/a><\/p>&mdash; GESMujer (@GES_Mujer) <a href=\"https:\/\/twitter.com\/GES_Mujer\/status\/1162029800770265088?ref_src=twsrc%5Etfw\">15 de agosto de 2019<\/a><\/blockquote><\/div>\n<\/div><\/figure>\n\n\n\n<p>Mientras que\n\u201cLa Carta\u201d, su segunda cinta producida en el 2014, retrata la historia de Lupe,\nuna mujer ind\u00edgena que regresa a su comunidad despu\u00e9s de muchos a\u00f1os de\nausencia y se reencuentra con Rosal\u00eda, su mejor amiga de la infancia a quien le\nescribi\u00f3 una carta cuando se despidieron.<\/p>\n\n\n\n<p>Este segundo\nmaterial tambi\u00e9n recorri\u00f3 con \u00e9xitos distintos festivales y obtuvo una segunda\nnominaci\u00f3n al Ariel.<\/p>\n\n\n\n<p>La entrada\npara la proyecci\u00f3n de los cortometrajes y la convivencia con \u00c1ngeles Cruz ser\u00e1\ngratuita el pr\u00f3ximo jueves 29 de agosto, en punto de las 16:00 horas, en las\ninstalaciones de la Casa de la Mujer, ubicada en la tercera privada de\nGuadalupe Victoria 107, colonia Libertad.<\/p>\n","protected":false},"excerpt":{"rendered":"<p>Evlin Arag\u00f3n\/Zona Roja. Oaxaca de Ju\u00e1rez, Oax., 21 de agosto de 2019.- La reconocida cineasta&hellip;<\/p>\n","protected":false},"author":2,"featured_media":3260,"comment_status":"closed","ping_status":"open","sticky":false,"template":"","format":"standard","meta":{"_lmt_disableupdate":"","_lmt_disable":"","_jetpack_memberships_contains_paid_content":false,"footnotes":""},"categories":[109,46],"tags":[524],"class_list":["post-3259","post","type-post","status-publish","format-standard","has-post-thumbnail","hentry","category-minuto-a-minuto","category-zona-blanca","tag-ges-mujer"],"jetpack_featured_media_url":"https:\/\/zonaroja.com.mx\/wp-content\/uploads\/2019\/08\/\u00c1ngeles-Cruz.jpg","jetpack_sharing_enabled":true,"_links":{"self":[{"href":"https:\/\/zonaroja.com.mx\/index.php?rest_route=\/wp\/v2\/posts\/3259","targetHints":{"allow":["GET"]}}],"collection":[{"href":"https:\/\/zonaroja.com.mx\/index.php?rest_route=\/wp\/v2\/posts"}],"about":[{"href":"https:\/\/zonaroja.com.mx\/index.php?rest_route=\/wp\/v2\/types\/post"}],"author":[{"embeddable":true,"href":"https:\/\/zonaroja.com.mx\/index.php?rest_route=\/wp\/v2\/users\/2"}],"replies":[{"embeddable":true,"href":"https:\/\/zonaroja.com.mx\/index.php?rest_route=%2Fwp%2Fv2%2Fcomments&post=3259"}],"version-history":[{"count":2,"href":"https:\/\/zonaroja.com.mx\/index.php?rest_route=\/wp\/v2\/posts\/3259\/revisions"}],"predecessor-version":[{"id":3275,"href":"https:\/\/zonaroja.com.mx\/index.php?rest_route=\/wp\/v2\/posts\/3259\/revisions\/3275"}],"wp:featuredmedia":[{"embeddable":true,"href":"https:\/\/zonaroja.com.mx\/index.php?rest_route=\/wp\/v2\/media\/3260"}],"wp:attachment":[{"href":"https:\/\/zonaroja.com.mx\/index.php?rest_route=%2Fwp%2Fv2%2Fmedia&parent=3259"}],"wp:term":[{"taxonomy":"category","embeddable":true,"href":"https:\/\/zonaroja.com.mx\/index.php?rest_route=%2Fwp%2Fv2%2Fcategories&post=3259"},{"taxonomy":"post_tag","embeddable":true,"href":"https:\/\/zonaroja.com.mx\/index.php?rest_route=%2Fwp%2Fv2%2Ftags&post=3259"}],"curies":[{"name":"wp","href":"https:\/\/api.w.org\/{rel}","templated":true}]}}