{"id":32591,"date":"2021-09-29T19:26:35","date_gmt":"2021-09-30T00:26:35","guid":{"rendered":"http:\/\/www.zonaroja.com.mx\/?p=32591"},"modified":"2021-09-29T19:26:38","modified_gmt":"2021-09-30T00:26:38","slug":"exigen-cesar-a-ediles-de-oaxaca-de-juarez-y-de-villa-de-zaachila","status":"publish","type":"post","link":"https:\/\/zonaroja.com.mx\/?p=32591","title":{"rendered":"Exigen cesar a ediles de Oaxaca de Ju\u00e1rez y de Villa de Zaachila"},"content":{"rendered":"\n<p>Evlin Arag\u00f3n\/Zona Roja.<\/p>\n\n\n\n<p>Oaxaca de Ju\u00e1rez, Oax., 29 de septiembre de 2021.- Ante la incapacidad del edil de Oaxaca de Ju\u00e1rez, Oswaldo Garc\u00eda Jarqu\u00edn, para atender la problem\u00e1tica del ambulante, locatarios y comerciantes establecidos protestaron este mi\u00e9rcoles en inmediaciones del palacio municipal, en donde arrojaron bolsas de basura.<\/p>\n\n\n\n<p>Tal y como lo hab\u00edan anunciado, despu\u00e9s de las diez de la ma\u00f1ana se concentraron en la Plaza de la Danza y clausuraron de manera simb\u00f3lica el acceso a las oficinas del ayuntamiento, donde en teor\u00eda despacha el edil y su cuerpo colegiado.<\/p>\n\n\n\n<p>R\u00e1pidamente colocaron una enorme lona en la que se pod\u00edan observar los rostros del edil y sus regidores, la mayor\u00eda emanados del Partido Morena, a quienes se\u00f1alaron de \u201ctraidores de Oaxaca y de la 4T\u201d, por lo que les advirtieron que se volver\u00edan a ver en las urnas.<\/p>\n\n\n\n<p>Posteriormente arrojaron decenas de bolsas de basura en el principal acceso al edificio, mismas que inclu\u00edan botellas de bebidas alcoh\u00f3licas, haciendo alusi\u00f3n a los supuestos gustos del edil, que en varias ocasiones ha sido retratado al interior de bares y antros de la ciudad.<\/p>\n\n\n\n<p>Minutos despu\u00e9s arrojaron una importante cantidad de residuos sobre la calle de Morelos, en la puerta lateral al ayuntamiento, misma que aseguran es la que no ha recolectado el servicio de basura capitalino, como parte de una segunda problem\u00e1tica a la que se enfrentan el comercio formal.<\/p>\n\n\n\n<p>De acuerdo con el grupo de locatarios y comerciantes ha sido la omisi\u00f3n y la desidia por parte de las autoridades la que origin\u00f3 la protesta de este mi\u00e9rcoles, misma que como anunciaron ayer ir\u00e1 en escalada hasta conseguir que sean escuchadas y atendidas sus demandas. Plantearon adem\u00e1s solicitar a la C\u00e1mara de Diputados inicie el proceso de destituci\u00f3n del edil.<\/p>\n\n\n\n<figure class=\"wp-block-embed-twitter wp-block-embed is-type-rich is-provider-twitter\"><div class=\"wp-block-embed__wrapper\">\n<div class=\"twitter-tweet\"><blockquote class=\"twitter-tweet\" data-lang=\"es\"><p lang=\"es\" dir=\"ltr\"><a href=\"https:\/\/twitter.com\/hashtag\/%C3%9AltimoMinuto?src=hash&amp;ref_src=twsrc%5Etfw\">#\u00daltimoMinuto<\/a> <br>\u00bfY el edil morenista <a href=\"https:\/\/twitter.com\/oswaldogarciaj?ref_src=twsrc%5Etfw\">@oswaldogarciaj<\/a>? <br>As\u00ed tiraron basura en calles de la sede del <a href=\"https:\/\/twitter.com\/MunicipioOaxaca?ref_src=twsrc%5Etfw\">@MunicipioOaxaca<\/a> los comerciantes y locatarios; hasta botellas de bebidas embriagantes le dejaron. <br>Pero no as\u00ed apareci\u00f3 el presidente municipal para atender las demandas. <a href=\"https:\/\/t.co\/AVfuBPGxTC\">pic.twitter.com\/AVfuBPGxTC<\/a><\/p>&mdash; Zona Roja Oaxaca (@Zona_Roja_Oax) <a href=\"https:\/\/twitter.com\/Zona_Roja_Oax\/status\/1443272842011873287?ref_src=twsrc%5Etfw\">29 de septiembre de 2021<\/a><\/blockquote><\/div>\n<\/div><\/figure>\n\n\n\n<p>\u201cQue se ponga a trabajar el presidente, el mismo origin\u00f3 esta protesta, nosotros s\u00f3lo queremos trabajar, que nuestras ventas mejoren y que podamos tener tr\u00e1nsito libre en la capital oaxaque\u00f1a\u201d, dijo una de las locatarias del Mercado Benito Ju\u00e1rez.<\/p>\n\n\n\n<p>ZAACHILA TAMBI\u00c9N EN CRISIS<\/p>\n\n\n\n<p>El municipio capitalino no es el \u00fanico que se encuentra en crisis, as\u00ed qued\u00f3 de manifiesto al interior del Congreso local, en donde arribaron concejales y pobladores de la Villa de Zaachila&nbsp; para exigir a las y los legisladores aprobar el dictamen para iniciar la revocaci\u00f3n de mandato en la demarcaci\u00f3n.<\/p>\n\n\n\n<p>Lo anterior debido a la resoluci\u00f3n emitida por los tribunales electorales que confirman la violencia de g\u00e9nero&nbsp; ejercida por el edil C\u00e1stulo Bret\u00f3n Mendoza, en contra de la regidora de Turismo, Carolina Mart\u00ednez.<\/p>\n\n\n\n<p>\u201cEl Cabildo municipal y el pueblo de Zaachila exigen la revocaci\u00f3n del mandato del presidente municipal C\u00e1stulo Betr\u00f3n Mendoza por haber ejercido Violencia pol\u00edtica en raz\u00f3n de g\u00e9nero en contra de la regidora de Turismo y abuso de autoridad con el resto del Cabildo\u201d, indicaron mediante una enorme lona al interior del recinto.<\/p>\n\n\n\n<figure class=\"wp-block-embed-twitter wp-block-embed is-type-rich is-provider-twitter\"><div class=\"wp-block-embed__wrapper\">\n<div class=\"twitter-tweet\"><blockquote class=\"twitter-tweet\" data-lang=\"es\"><p lang=\"es\" dir=\"ltr\"><a href=\"https:\/\/twitter.com\/hashtag\/%C3%9AltimoMinuto?src=hash&amp;ref_src=twsrc%5Etfw\">#\u00daltimoMinuto<\/a> <br>1. Mientras la sesi\u00f3n del <a href=\"https:\/\/twitter.com\/CongresoOaxLXIV?ref_src=twsrc%5Etfw\">@CongresoOaxLXIV<\/a> continua en receso, habitantes de Zaachila protestan en el interior del recinto. <a href=\"https:\/\/t.co\/NLRNVV8wn1\">pic.twitter.com\/NLRNVV8wn1<\/a><\/p>&mdash; Zona Roja Oaxaca (@Zona_Roja_Oax) <a href=\"https:\/\/twitter.com\/Zona_Roja_Oax\/status\/1443295325368823812?ref_src=twsrc%5Etfw\">29 de septiembre de 2021<\/a><\/blockquote><\/div>\n<\/div><\/figure>\n\n\n\n<p>As\u00ed mismo, pidieron al diputado Jorge Villaca\u00f1a Jim\u00e9nez, presidente de la Comisi\u00f3n de Gobernaci\u00f3n y Asuntos Agrarios, no solapar a un personaje corrupto, mis\u00f3gino y traidor a su pueblo y aprobar de una vez por todas la revocaci\u00f3n de mandato.<\/p>\n\n\n\n<p>\u201cNo solo me violento a m\u00ed, otros regidores tambi\u00e9n son v\u00edctimas de violencia pol\u00edtica. Queremos que se haga justicia, el Congreso no puede dejar a un mal presidente en nuestro municipio, no puede ser c\u00f3mplice de la violencia\u201d, dijo Carolina Mart\u00ednez.<\/p>\n","protected":false},"excerpt":{"rendered":"<p>Evlin Arag\u00f3n\/Zona Roja. Oaxaca de Ju\u00e1rez, Oax., 29 de septiembre de 2021.- Ante la incapacidad&hellip;<\/p>\n","protected":false},"author":2,"featured_media":32592,"comment_status":"closed","ping_status":"open","sticky":false,"template":"","format":"standard","meta":{"_lmt_disableupdate":"","_lmt_disable":"","_jetpack_memberships_contains_paid_content":false,"footnotes":""},"categories":[109,47],"tags":[115],"class_list":["post-32591","post","type-post","status-publish","format-standard","has-post-thumbnail","hentry","category-minuto-a-minuto","category-zona-gris","tag-oswaldo-garcia-jarquin"],"jetpack_featured_media_url":"https:\/\/zonaroja.com.mx\/wp-content\/uploads\/2021\/09\/Protesta-basura-ayuntamiento-Oaxaca.jpg","jetpack_sharing_enabled":true,"_links":{"self":[{"href":"https:\/\/zonaroja.com.mx\/index.php?rest_route=\/wp\/v2\/posts\/32591","targetHints":{"allow":["GET"]}}],"collection":[{"href":"https:\/\/zonaroja.com.mx\/index.php?rest_route=\/wp\/v2\/posts"}],"about":[{"href":"https:\/\/zonaroja.com.mx\/index.php?rest_route=\/wp\/v2\/types\/post"}],"author":[{"embeddable":true,"href":"https:\/\/zonaroja.com.mx\/index.php?rest_route=\/wp\/v2\/users\/2"}],"replies":[{"embeddable":true,"href":"https:\/\/zonaroja.com.mx\/index.php?rest_route=%2Fwp%2Fv2%2Fcomments&post=32591"}],"version-history":[{"count":1,"href":"https:\/\/zonaroja.com.mx\/index.php?rest_route=\/wp\/v2\/posts\/32591\/revisions"}],"predecessor-version":[{"id":32593,"href":"https:\/\/zonaroja.com.mx\/index.php?rest_route=\/wp\/v2\/posts\/32591\/revisions\/32593"}],"wp:featuredmedia":[{"embeddable":true,"href":"https:\/\/zonaroja.com.mx\/index.php?rest_route=\/wp\/v2\/media\/32592"}],"wp:attachment":[{"href":"https:\/\/zonaroja.com.mx\/index.php?rest_route=%2Fwp%2Fv2%2Fmedia&parent=32591"}],"wp:term":[{"taxonomy":"category","embeddable":true,"href":"https:\/\/zonaroja.com.mx\/index.php?rest_route=%2Fwp%2Fv2%2Fcategories&post=32591"},{"taxonomy":"post_tag","embeddable":true,"href":"https:\/\/zonaroja.com.mx\/index.php?rest_route=%2Fwp%2Fv2%2Ftags&post=32591"}],"curies":[{"name":"wp","href":"https:\/\/api.w.org\/{rel}","templated":true}]}}