{"id":32596,"date":"2021-09-29T20:52:03","date_gmt":"2021-09-30T01:52:03","guid":{"rendered":"http:\/\/www.zonaroja.com.mx\/?p=32596"},"modified":"2021-09-29T20:52:06","modified_gmt":"2021-09-30T01:52:06","slug":"llama-rector-de-la-uabjo-al-dialogo-y-sindicato-se-divide-por-el-bono-millonario","status":"publish","type":"post","link":"https:\/\/zonaroja.com.mx\/?p=32596","title":{"rendered":"Llama rector de la UABJO al di\u00e1logo; y sindicato se divide por el bono millonario"},"content":{"rendered":"\n<p>Evlin Arag\u00f3n\/Zona Roja.<\/p>\n\n\n\n<p>Oaxaca de Ju\u00e1rez, Oax., 29 de septiembre de 2021.- El rector de la Universidad Aut\u00f3noma \u201cBenito Ju\u00e1rez\u201d de Oaxaca (UABJO), Eduardo Bautista Mart\u00ednez, exhort\u00f3 a la dirigencia del STEUABJO a mantener el di\u00e1logo y no afectar a la ciudadan\u00eda ni a la comunidad universitaria con las movilizaciones emprendidas como recursos de presi\u00f3n.&nbsp;<\/p>\n\n\n\n<p>A trav\u00e9s de sus redes sociales, la m\u00e1xima autoridad universitaria asegur\u00f3 que en comunicaci\u00f3n directa con Ariel Lujan P\u00e9rez, dirigente de la gremial que desde hace una semana se moviliza, le ha solicitado confiar en los ofrecimientos del Gobierno del Estado y mantener el respeto, sin ning\u00fan tipo de insultos a las autoridades.&nbsp;<\/p>\n\n\n\n<p>Bautista Mart\u00ednez detall\u00f3 que la gesti\u00f3n del Bono de Calidad, una de las principales demandas de la gremial, la realizan directamente con la Secretar\u00eda General de Gobierno (Segego) por lo que ser\u00e1n dicha autoridad la que determinen la procedencia.&nbsp;<\/p>\n\n\n\n<p>Mientras que, respecto a los asuntos pendientes con la UABJO, el rector ratific\u00f3 la disposici\u00f3n de continuar la revisi\u00f3n de manera objetiva, en mesas de trabajo y con las instalaciones universitarias abiertas, ello para evitar da\u00f1ar a la comunidad que ah\u00ed estudia y labora.&nbsp;<\/p>\n\n\n\n<p>\u201cEn esta pandemia, en la UABJO hemos cumplido al 100 por ciento con el pago de salarios a todos los trabajadores y no han existido despidos de personas\u201d, se\u00f1al\u00f3 el rector.\u00a0<\/p>\n\n\n\n<figure class=\"wp-block-embed-twitter wp-block-embed is-type-rich is-provider-twitter\"><div class=\"wp-block-embed__wrapper\">\n<div class=\"twitter-tweet\"><blockquote class=\"twitter-tweet\" data-lang=\"es\"><p lang=\"es\" dir=\"ltr\">Por segundo d\u00eda consecutivo, se mantiene la \u201ctoma\u201d de las oficinas del <a href=\"https:\/\/twitter.com\/STEUABJO?ref_src=twsrc%5Etfw\">@STEUABJO<\/a>, para exigir la renuncia de su dirigente Ariel Luj\u00e1n P\u00e9rez, tras descubrir que ha negociado con el <a href=\"https:\/\/twitter.com\/GobOax?ref_src=twsrc%5Etfw\">@GobOax<\/a> de manera personal el bono que exigen, adem\u00e1s de ocultar informaci\u00f3n. <a href=\"https:\/\/t.co\/Nd0mWYZsqC\">pic.twitter.com\/Nd0mWYZsqC<\/a><\/p>&mdash; Zona Roja Oaxaca (@Zona_Roja_Oax) <a href=\"https:\/\/twitter.com\/Zona_Roja_Oax\/status\/1443386206562230272?ref_src=twsrc%5Etfw\">30 de septiembre de 2021<\/a><\/blockquote><\/div>\n<\/div><\/figure>\n\n\n\n<p>Y SE DIVIDEN<\/p>\n\n\n\n<p>Mientras que la dirigencia sindical del STEUABJO anunci\u00f3 la \u201ctoma\u201d de Ciudad Universitaria de manera total e indefinida a partir de este mi\u00e9rcoles y hasta que la autoridad de puntual respuesta a cada una de sus demandas pendientes. Pero alrededor de las 15:00 horas de hoy ya se hab\u00edan retirado, tras alcanzar acuerdos.<\/p>\n\n\n\n<p>En tanto, por segundo d\u00eda consecutivo, un grupo de trabajadores inconformes, encabezados por Martha e Irma Garc\u00eda Garc\u00eda, mantiene en su poder las instalaciones del STEUABJO, en la calle Fresnos de la colonia Reforma Agraria, Santa Cruz Xoxocotl\u00e1n, en la exigencia de renuncia de Ariel Luj\u00e1n.<\/p>\n\n\n\n<p>Seg\u00fan declar\u00f3 Enrique Garc\u00eda, una de las inconformidades es que el secretario General del gremio ha ocultado informaci\u00f3n y se ha negado a citar a una asamblea general para que informe a la base trabajadora acerca del avance en las negociaciones.<\/p>\n\n\n\n<p>Pero adem\u00e1s, para que explique los negocios que mantiene con el Gobierno del Estado, pues en una reuni\u00f3n con las autoridades fue exhibido p\u00fablicamente:<\/p>\n\n\n\n<p>\u201cSi t\u00fa ya sabes qu\u00e9 es lo que tienen que hacer, si t\u00fa ya sabes c\u00f3mo est\u00e1 el asunto\u201d, expuso Lira (Juan Enrique), funcionario de la Gubernatura, a Ariel Luj\u00e1n.<\/p>\n\n\n\n<p>Por eso, \u201cen base a eso, que explique qu\u00e9 es lo que quiso decir el Gobierno del Estado en esa reuni\u00f3n, por lo tanto, decidimos organizarnos y \u2018tomar\u2019 las oficinas sindicales\u201d, manifest\u00f3. Hasta esta noche, contin\u00faa el cierre de las oficinas.<\/p>\n\n\n\n<figure class=\"wp-block-embed-twitter wp-block-embed is-type-rich is-provider-twitter\"><div class=\"wp-block-embed__wrapper\">\n<div class=\"twitter-tweet\"><blockquote class=\"twitter-tweet\" data-lang=\"es\"><p lang=\"es\" dir=\"ltr\">En comunicaci\u00f3n directa con el Secretario General de STEUABJO he reiterado exhorto a mantener el di\u00e1logo y no afectar a la ciudadan\u00eda con recursos de presi\u00f3n.<br><br>En pandemia, <a href=\"https:\/\/twitter.com\/UABJO?ref_src=twsrc%5Etfw\">@UABJO<\/a> ha cumplido al 100% con el pago de salarios a todos los trabajadores \u2066<a href=\"https:\/\/twitter.com\/comunica_UABJO?ref_src=twsrc%5Etfw\">@comunica_UABJO<\/a>\u2069 <a href=\"https:\/\/t.co\/QkeV9GkVFK\">pic.twitter.com\/QkeV9GkVFK<\/a><\/p>&mdash; Eduardo Bautista (@Bautistaeduardo) <a href=\"https:\/\/twitter.com\/Bautistaeduardo\/status\/1443249785952157699?ref_src=twsrc%5Etfw\">29 de septiembre de 2021<\/a><\/blockquote><\/div>\n<\/div><\/figure>\n","protected":false},"excerpt":{"rendered":"<p>Evlin Arag\u00f3n\/Zona Roja. Oaxaca de Ju\u00e1rez, Oax., 29 de septiembre de 2021.- El rector de&hellip;<\/p>\n","protected":false},"author":2,"featured_media":32597,"comment_status":"closed","ping_status":"open","sticky":false,"template":"","format":"standard","meta":{"_lmt_disableupdate":"","_lmt_disable":"","_jetpack_memberships_contains_paid_content":false,"footnotes":""},"categories":[109,47],"tags":[1286],"class_list":["post-32596","post","type-post","status-publish","format-standard","has-post-thumbnail","hentry","category-minuto-a-minuto","category-zona-gris","tag-sindicato-de-trabajadores-y-empleados-de-la-uabjo-steuabjo"],"jetpack_featured_media_url":"https:\/\/zonaroja.com.mx\/wp-content\/uploads\/2021\/09\/STEUABJO-toma-de-edificio.jpg","jetpack_sharing_enabled":true,"_links":{"self":[{"href":"https:\/\/zonaroja.com.mx\/index.php?rest_route=\/wp\/v2\/posts\/32596","targetHints":{"allow":["GET"]}}],"collection":[{"href":"https:\/\/zonaroja.com.mx\/index.php?rest_route=\/wp\/v2\/posts"}],"about":[{"href":"https:\/\/zonaroja.com.mx\/index.php?rest_route=\/wp\/v2\/types\/post"}],"author":[{"embeddable":true,"href":"https:\/\/zonaroja.com.mx\/index.php?rest_route=\/wp\/v2\/users\/2"}],"replies":[{"embeddable":true,"href":"https:\/\/zonaroja.com.mx\/index.php?rest_route=%2Fwp%2Fv2%2Fcomments&post=32596"}],"version-history":[{"count":1,"href":"https:\/\/zonaroja.com.mx\/index.php?rest_route=\/wp\/v2\/posts\/32596\/revisions"}],"predecessor-version":[{"id":32598,"href":"https:\/\/zonaroja.com.mx\/index.php?rest_route=\/wp\/v2\/posts\/32596\/revisions\/32598"}],"wp:featuredmedia":[{"embeddable":true,"href":"https:\/\/zonaroja.com.mx\/index.php?rest_route=\/wp\/v2\/media\/32597"}],"wp:attachment":[{"href":"https:\/\/zonaroja.com.mx\/index.php?rest_route=%2Fwp%2Fv2%2Fmedia&parent=32596"}],"wp:term":[{"taxonomy":"category","embeddable":true,"href":"https:\/\/zonaroja.com.mx\/index.php?rest_route=%2Fwp%2Fv2%2Fcategories&post=32596"},{"taxonomy":"post_tag","embeddable":true,"href":"https:\/\/zonaroja.com.mx\/index.php?rest_route=%2Fwp%2Fv2%2Ftags&post=32596"}],"curies":[{"name":"wp","href":"https:\/\/api.w.org\/{rel}","templated":true}]}}