{"id":32599,"date":"2021-09-29T22:27:07","date_gmt":"2021-09-30T03:27:07","guid":{"rendered":"http:\/\/www.zonaroja.com.mx\/?p=32599"},"modified":"2021-09-29T22:27:07","modified_gmt":"2021-09-30T03:27:07","slug":"asesinan-a-un-policia-en-pochutla-y-a-un-individuo-en-santa-lucia-del-camino","status":"publish","type":"post","link":"https:\/\/zonaroja.com.mx\/?p=32599","title":{"rendered":"Asesinan a un polic\u00eda en Pochutla y a un individuo en Santa Luc\u00eda del Camino"},"content":{"rendered":"\n<p>Redacci\u00f3n\/Zona Roja.<\/p>\n\n\n\n<p>Oaxaca de Ju\u00e1rez, Oax., 29 de septiembre de 2021.- Dos personas fueron asesinadas este mi\u00e9rcoles en Oaxaca, una de ellas un elemento de la polic\u00eda municipal.<\/p>\n\n\n\n<p>Esta noche, en el exterior del bar \u201cCandela\u201d, ubicado en la avenida Ferrocarril esquina 3 de Octubre, colonia El Baj\u00edo de Santa Luc\u00eda del Camino, un individuo fue ultimado por arma blanca.<\/p>\n\n\n\n<p>Presuntamente inger\u00eda bebidas embriagantes en dicho antro cuando al salir, fue agredido y lesionado en el cuello; por la gravedad de las lesiones, ah\u00ed mismo perdi\u00f3 la vida.<\/p>\n\n\n\n<p>Mientras tanto, por la tarde, en la localidad de El Lim\u00f3n, perteneciente al municipio de San Pedro Pochutla, en la regi\u00f3n de la Costa, fue ultimado un elemento policiaco, que se encontraba fuera de servicio.<\/p>\n\n\n\n<p>El hombre fue identificado como Gonzalo L. R., de 40 a\u00f1os de edad, y fue atacado a balazos cuando se encontraba en un predio; a\u00fan se desconocen los motivos y los autores del crimen.<\/p>\n","protected":false},"excerpt":{"rendered":"<p>Redacci\u00f3n\/Zona Roja. Oaxaca de Ju\u00e1rez, Oax., 29 de septiembre de 2021.- Dos personas fueron asesinadas&hellip;<\/p>\n","protected":false},"author":2,"featured_media":32600,"comment_status":"closed","ping_status":"open","sticky":false,"template":"","format":"standard","meta":{"_lmt_disableupdate":"","_lmt_disable":"","_jetpack_memberships_contains_paid_content":false,"footnotes":""},"categories":[109,51],"tags":[337],"class_list":["post-32599","post","type-post","status-publish","format-standard","has-post-thumbnail","hentry","category-minuto-a-minuto","category-zona-roja","tag-santa-lucia-del-camino"],"jetpack_featured_media_url":"https:\/\/zonaroja.com.mx\/wp-content\/uploads\/2021\/09\/ASesinato-Santa-Lucia-del-Camino.jpg","jetpack_sharing_enabled":true,"_links":{"self":[{"href":"https:\/\/zonaroja.com.mx\/index.php?rest_route=\/wp\/v2\/posts\/32599","targetHints":{"allow":["GET"]}}],"collection":[{"href":"https:\/\/zonaroja.com.mx\/index.php?rest_route=\/wp\/v2\/posts"}],"about":[{"href":"https:\/\/zonaroja.com.mx\/index.php?rest_route=\/wp\/v2\/types\/post"}],"author":[{"embeddable":true,"href":"https:\/\/zonaroja.com.mx\/index.php?rest_route=\/wp\/v2\/users\/2"}],"replies":[{"embeddable":true,"href":"https:\/\/zonaroja.com.mx\/index.php?rest_route=%2Fwp%2Fv2%2Fcomments&post=32599"}],"version-history":[{"count":1,"href":"https:\/\/zonaroja.com.mx\/index.php?rest_route=\/wp\/v2\/posts\/32599\/revisions"}],"predecessor-version":[{"id":32601,"href":"https:\/\/zonaroja.com.mx\/index.php?rest_route=\/wp\/v2\/posts\/32599\/revisions\/32601"}],"wp:featuredmedia":[{"embeddable":true,"href":"https:\/\/zonaroja.com.mx\/index.php?rest_route=\/wp\/v2\/media\/32600"}],"wp:attachment":[{"href":"https:\/\/zonaroja.com.mx\/index.php?rest_route=%2Fwp%2Fv2%2Fmedia&parent=32599"}],"wp:term":[{"taxonomy":"category","embeddable":true,"href":"https:\/\/zonaroja.com.mx\/index.php?rest_route=%2Fwp%2Fv2%2Fcategories&post=32599"},{"taxonomy":"post_tag","embeddable":true,"href":"https:\/\/zonaroja.com.mx\/index.php?rest_route=%2Fwp%2Fv2%2Ftags&post=32599"}],"curies":[{"name":"wp","href":"https:\/\/api.w.org\/{rel}","templated":true}]}}