{"id":32608,"date":"2021-09-30T08:06:54","date_gmt":"2021-09-30T13:06:54","guid":{"rendered":"http:\/\/www.zonaroja.com.mx\/?p=32608"},"modified":"2021-09-30T08:06:58","modified_gmt":"2021-09-30T13:06:58","slug":"por-segundo-dia-bloquean-via-al-istmo-exigen-justicia-contra-diputada","status":"publish","type":"post","link":"https:\/\/zonaroja.com.mx\/?p=32608","title":{"rendered":"Por segundo d\u00eda, bloquean v\u00eda al Istmo; exigen justicia contra diputada"},"content":{"rendered":"\n<p>Redacci\u00f3n\/Zona Roja.<\/p>\n\n\n\n<p>Oaxaca de Ju\u00e1rez, Oax., 30 de septiembre de 2021.- Por segundo d\u00eda consecutivo, pobladores de Jalapa del Marqu\u00e9s, mantienen el bloqueo a la carretera federal 190, Oaxaca-Istmo, a la altura del kil\u00f3metro 214+200.<\/p>\n\n\n\n<p>Lo anterior para exigir justicia en contra de la diputada local Yarith Tannos Cruz, a quien acusan de ser responsable, en presunto estado de ebriedad, de protagonizar un percance el pasado 17 de septiembre, que dej\u00f3 como saldo una persona fallecida y varias lesionadas.<\/p>\n\n\n\n<p>Desde ayer a las 08:00 horas se instal\u00f3 el cierre vial para demandar a la Fiscal\u00eda General del Estado aplique justicia contra la legisladora del Partido Revolucionario Institucional, que seg\u00fan fotograf\u00edas y videos, viajaba en una unidad de motor que presuntamente caus\u00f3 el percance con otros dos veh\u00edculos.<\/p>\n\n\n\n<p>Como resultado de ello, perdi\u00f3 la vida la se\u00f1ora Martha R\u00edos R\u00edos, sin embargo, seg\u00fan han denunciado, hasta ahora la diputada no se ha responsabilizado para cubrir los da\u00f1os como tampoco pagar la atenci\u00f3n m\u00e9dica a los lesionados.<\/p>\n\n\n\n<p>El bloqueo es encabezado por Pedro Z\u00e1rate R\u00edos, hijo de la mujer fallecida, as\u00ed como sus familiares; la acompa\u00f1ante de la diputada fue identificada como Lucila Cruz y tambi\u00e9n result\u00f3 lesionada, pero ambas fueron rescatadas por la Guardia Nacional, seg\u00fan denunciaron los afectados.<\/p>\n\n\n\n<p>En el percance participaron una camioneta marca Jeep color blanca, con placas de circulaci\u00f3n TLU-8494 de Oaxaca, que era conducido por Yarith Tannos; una camioneta Toyota color negro con placas de circulaci\u00f3n NLX6510, en que viajaba la hoy occiesa, Marta R\u00edos.<\/p>\n\n\n\n<p>Tambi\u00e9n resultaron lesionados Constantino Zarate R\u00edos de 22 a\u00f1os y Jos\u00e9 Manuel Silva, originarios de la localidad de Llano Grande, quienes tampoco han recibido atenci\u00f3n m\u00e9dica.<\/p>\n","protected":false},"excerpt":{"rendered":"<p>Redacci\u00f3n\/Zona Roja. Oaxaca de Ju\u00e1rez, Oax., 30 de septiembre de 2021.- Por segundo d\u00eda consecutivo,&hellip;<\/p>\n","protected":false},"author":2,"featured_media":32609,"comment_status":"closed","ping_status":"open","sticky":false,"template":"","format":"standard","meta":{"_lmt_disableupdate":"","_lmt_disable":"","_jetpack_memberships_contains_paid_content":false,"footnotes":""},"categories":[109,47],"tags":[2825],"class_list":["post-32608","post","type-post","status-publish","format-standard","has-post-thumbnail","hentry","category-minuto-a-minuto","category-zona-gris","tag-yarith-tannos-cruz"],"jetpack_featured_media_url":"https:\/\/zonaroja.com.mx\/wp-content\/uploads\/2021\/09\/Bloqueo-carretera-Istmo-caso-Yarith.jpg","jetpack_sharing_enabled":true,"_links":{"self":[{"href":"https:\/\/zonaroja.com.mx\/index.php?rest_route=\/wp\/v2\/posts\/32608","targetHints":{"allow":["GET"]}}],"collection":[{"href":"https:\/\/zonaroja.com.mx\/index.php?rest_route=\/wp\/v2\/posts"}],"about":[{"href":"https:\/\/zonaroja.com.mx\/index.php?rest_route=\/wp\/v2\/types\/post"}],"author":[{"embeddable":true,"href":"https:\/\/zonaroja.com.mx\/index.php?rest_route=\/wp\/v2\/users\/2"}],"replies":[{"embeddable":true,"href":"https:\/\/zonaroja.com.mx\/index.php?rest_route=%2Fwp%2Fv2%2Fcomments&post=32608"}],"version-history":[{"count":1,"href":"https:\/\/zonaroja.com.mx\/index.php?rest_route=\/wp\/v2\/posts\/32608\/revisions"}],"predecessor-version":[{"id":32610,"href":"https:\/\/zonaroja.com.mx\/index.php?rest_route=\/wp\/v2\/posts\/32608\/revisions\/32610"}],"wp:featuredmedia":[{"embeddable":true,"href":"https:\/\/zonaroja.com.mx\/index.php?rest_route=\/wp\/v2\/media\/32609"}],"wp:attachment":[{"href":"https:\/\/zonaroja.com.mx\/index.php?rest_route=%2Fwp%2Fv2%2Fmedia&parent=32608"}],"wp:term":[{"taxonomy":"category","embeddable":true,"href":"https:\/\/zonaroja.com.mx\/index.php?rest_route=%2Fwp%2Fv2%2Fcategories&post=32608"},{"taxonomy":"post_tag","embeddable":true,"href":"https:\/\/zonaroja.com.mx\/index.php?rest_route=%2Fwp%2Fv2%2Ftags&post=32608"}],"curies":[{"name":"wp","href":"https:\/\/api.w.org\/{rel}","templated":true}]}}