{"id":32614,"date":"2021-09-30T08:44:28","date_gmt":"2021-09-30T13:44:28","guid":{"rendered":"http:\/\/www.zonaroja.com.mx\/?p=32614"},"modified":"2021-09-30T08:44:32","modified_gmt":"2021-09-30T13:44:32","slug":"juzgados-laborales-del-poder-judicial-de-oaxaca-inician-funciones-en-noviembre","status":"publish","type":"post","link":"https:\/\/zonaroja.com.mx\/?p=32614","title":{"rendered":"Juzgados laborales del Poder Judicial de Oaxaca inician funciones en noviembre"},"content":{"rendered":"\n<p>Redacci\u00f3n\/Zona Roja.<\/p>\n\n\n\n<p>Oaxaca de Ju\u00e1rez, Oax., 30 de septiembre de 2021.- El Consejo de la Judicatura del Poder Judicial del Estado de Oaxaca, acord\u00f3 que el 3 de noviembre del a\u00f1o en curso, habr\u00e1n de iniciar funciones dos juzgados laborales con competencia para toda la entidad, con sede en Santa Mar\u00eda Ixcotel, Santa Luc\u00eda del Camino.<\/p>\n\n\n\n<p>Lo anterior ante la nueva fecha para el inicio de las funciones de los Centros de Conciliaci\u00f3n y los Tribunales Laborales locales en los estados de: Aguascalientes, Baja California, Colima, Guanajuato, Morelos, Oaxaca, Puebla, Quer\u00e9taro, Quintana Roo, Tlaxcala y Veracruz, as\u00ed como en Hidalgo a nivel local, y en los estados de Baja California Sur y Guerrero, a nivel federal, determinada a trav\u00e9s del Acuerdo 11-21\/09\/2021 emitido por el Consejo de Coordinaci\u00f3n para la Implementaci\u00f3n de la Reforma al Sistema de Justicia Laboral.<\/p>\n\n\n\n<p>El Poder Judicial de Oaxaca ha cumplido en tiempo y forma con las acciones y requerimientos necesarios para la implementaci\u00f3n de la Reforma laboral en la entidad y brindar as\u00ed a la ciudadan\u00eda calidad dentro de las nuevas instituciones y con ello generar confianza en los organismos de conciliaci\u00f3n para que las y los trabajadores ejerzan el derecho a defenderse de forma imparcial e independiente.<\/p>\n\n\n\n<p>En este tema, el presidente del Tribunal Superior de Justicia y del Consejo de la Judicatura del Estado, magistrado Eduardo Pinacho S\u00e1nchez ha realizado de manera permanente recorridos con el fin de constatar los avances en la infraestructura destinada al Centro de Conciliaci\u00f3n Laboral y juzgados del nuevo sistema de justicia laboral.<\/p>\n\n\n\n<p>Los trabajos de remodelaci\u00f3n realizados en el inmueble ubicado en Santa Mar\u00eda Ixcotel responden a las peticiones de abogadas, abogados y justiciables ya que est\u00e1n proyectados para eficientar la productividad y ofrecer mejores condiciones de convivencia laboral en un espacio moderno, seguro y adecuado.<\/p>\n\n\n\n<p>En el nuevo sistema, la conciliaci\u00f3n ser\u00e1 el primer paso para resolver los conflictos laborales y se formular\u00e1 una propuesta de arreglo conciliatorio con soluciones justas y equitativas que sean adecuadas a fin de dar por concluida la controversia; en caso de que as\u00ed no suceda las partes involucradas podr\u00e1n acudir a los juzgados laborales.<\/p>\n\n\n\n<p>En el pa\u00eds, la primera etapa del nuevo modelo de justicia laboral se concret\u00f3 el 18 de noviembre de 2020 en ocho estados. Se proyecta que para mayo de 2022, el proceso de transici\u00f3n concluir\u00e1 con la incorporaci\u00f3n de los 11 estados restantes de la tercera etapa.<\/p>\n","protected":false},"excerpt":{"rendered":"<p>Redacci\u00f3n\/Zona Roja. Oaxaca de Ju\u00e1rez, Oax., 30 de septiembre de 2021.- El Consejo de la&hellip;<\/p>\n","protected":false},"author":2,"featured_media":32615,"comment_status":"closed","ping_status":"open","sticky":false,"template":"","format":"standard","meta":{"_lmt_disableupdate":"","_lmt_disable":"","_jetpack_memberships_contains_paid_content":false,"footnotes":""},"categories":[109,46],"tags":[223],"class_list":["post-32614","post","type-post","status-publish","format-standard","has-post-thumbnail","hentry","category-minuto-a-minuto","category-zona-blanca","tag-poder-judicial-de-oaxaca"],"jetpack_featured_media_url":"https:\/\/zonaroja.com.mx\/wp-content\/uploads\/2021\/09\/Recorre-magistrado-Eduardo-Pinacho-nuevas-instalaciones-de-juzgados-laborales-en-Oaxaca.jpg","jetpack_sharing_enabled":true,"_links":{"self":[{"href":"https:\/\/zonaroja.com.mx\/index.php?rest_route=\/wp\/v2\/posts\/32614","targetHints":{"allow":["GET"]}}],"collection":[{"href":"https:\/\/zonaroja.com.mx\/index.php?rest_route=\/wp\/v2\/posts"}],"about":[{"href":"https:\/\/zonaroja.com.mx\/index.php?rest_route=\/wp\/v2\/types\/post"}],"author":[{"embeddable":true,"href":"https:\/\/zonaroja.com.mx\/index.php?rest_route=\/wp\/v2\/users\/2"}],"replies":[{"embeddable":true,"href":"https:\/\/zonaroja.com.mx\/index.php?rest_route=%2Fwp%2Fv2%2Fcomments&post=32614"}],"version-history":[{"count":1,"href":"https:\/\/zonaroja.com.mx\/index.php?rest_route=\/wp\/v2\/posts\/32614\/revisions"}],"predecessor-version":[{"id":32616,"href":"https:\/\/zonaroja.com.mx\/index.php?rest_route=\/wp\/v2\/posts\/32614\/revisions\/32616"}],"wp:featuredmedia":[{"embeddable":true,"href":"https:\/\/zonaroja.com.mx\/index.php?rest_route=\/wp\/v2\/media\/32615"}],"wp:attachment":[{"href":"https:\/\/zonaroja.com.mx\/index.php?rest_route=%2Fwp%2Fv2%2Fmedia&parent=32614"}],"wp:term":[{"taxonomy":"category","embeddable":true,"href":"https:\/\/zonaroja.com.mx\/index.php?rest_route=%2Fwp%2Fv2%2Fcategories&post=32614"},{"taxonomy":"post_tag","embeddable":true,"href":"https:\/\/zonaroja.com.mx\/index.php?rest_route=%2Fwp%2Fv2%2Ftags&post=32614"}],"curies":[{"name":"wp","href":"https:\/\/api.w.org\/{rel}","templated":true}]}}