{"id":32628,"date":"2021-09-30T16:39:27","date_gmt":"2021-09-30T21:39:27","guid":{"rendered":"https:\/\/www.zonaroja.com.mx\/?p=32628"},"modified":"2021-09-30T16:39:54","modified_gmt":"2021-09-30T21:39:54","slug":"reforma-congreso-de-oaxaca-constitucion-local-el-derecho-a-la-vida-no-empieza-en-la-fecundacion","status":"publish","type":"post","link":"https:\/\/zonaroja.com.mx\/?p=32628","title":{"rendered":"Reforma Congreso de Oaxaca Constituci\u00f3n local; el derecho a la vida no empieza en la fecundaci\u00f3n"},"content":{"rendered":"\n<p>Redacci\u00f3n\/Zona Roja. <\/p>\n\n\n\n<p>Oaxaca de Ju\u00e1rez, Oax., 30 de septiembre de 2021. El Congreso local reform\u00f3 el art\u00edculo 12 de la Constituci\u00f3n Pol\u00edtica del Estado de Oaxaca, con ello se dej\u00f3 atr\u00e1s la concepci\u00f3n de que la vida comienza al momento de la fecundaci\u00f3n y que desde ese momento todo ser humano recib\u00eda protecci\u00f3n del Estado.<\/p>\n\n\n\n<p>Los y las legisladoras eliminaron la porci\u00f3n normativa que establec\u00eda que el derecho a la vida ten\u00eda que ser protegido por el Estado desde el momento de la fecundaci\u00f3n y se le reputaba al producto como nacido, es decir se catalogaba al producto de la fecundaci\u00f3n como un ser humano.<\/p>\n\n\n\n<p>Mediante la modificaci\u00f3n jur\u00eddica al Art\u00edculo 12 de la Constituci\u00f3n del Estado Libre y Soberano de Oaxaca, las y los integrantes de la 64 Legislatura local ponderaron el ejercicio de derechos de las mujeres que incluyen preocupaciones sobre la vida de las mujeres, la autonom\u00eda reproductiva, la libertad, la privacidad, la igualdad y la no-discriminaci\u00f3n.<\/p>\n\n\n\n<p>Reforma que a la letra se\u00f1ala que: \u201cla vida es un derecho inherente a toda persona, los habitantes del estado gozar\u00e1n de todos los derechos y libertados consagradas en la Constituci\u00f3n Pol\u00edtica de los Estados Unidos Mexicanos, en los tratados internacionales de los que el Estado Mexicano forman parte, esta constituci\u00f3n y las leyes que de ella emanen sin distinci\u00f3n de su origen, raza, color, sexo, preferencia sexual, identidad de g\u00e9nero, edad, idioma, religi\u00f3n, opini\u00f3n, pol\u00edtica condici\u00f3n o actividad social\u00bb.<\/p>\n\n\n\n<p>La diputada del grupo parlamentario de Morena, Magaly L\u00f3pez Dom\u00ednguez, indic\u00f3 que, con esta decisi\u00f3n del Poder Legislativo, se  corrige un desprop\u00f3sito inconstitucional impuesto por la derecha en 2009, como un coletazo frente al avance de los derechos de las mujeres.<\/p>\n\n\n\n<p>Dijo que el haber mantenido esa narrativa constitucional representaba un atentado contra la libertad, la salud y la vida de las mujeres, principalmente a aquellas que se encuentran m\u00e1s vulnerables: ind\u00edgenas, migrantes y que viven en extrema pobreza.<\/p>\n\n\n\n<p>La diputada morenista hizo un llamado respetuoso a las legislaturas estatales de los 28 estados donde la interrupci\u00f3n del embarazo todav\u00eda es un delito, y a los 29 donde todav\u00eda no se garantiza la atenci\u00f3n p\u00fablica, a hacer las adaptaciones correspondientes en torno a la despenalizaci\u00f3n de la interrupci\u00f3n del embarazo en el pa\u00eds.<\/p>\n\n\n\n<p>Lo anterior al considerar que, es el momento ideal para avanzar en este tema y evitar as\u00ed los riesgos a la salud o de vida para la mujer. <\/p>\n\n\n\n<p>Luego de las resoluciones de la Suprema Corte de Justicia de la Naci\u00f3n (SCJN) con las que se declar\u00f3 inconstitucional, la penalizaci\u00f3n de las mujeres que abortan en la primera etapa del embarazo, el 7 de septiembre pasado, \u201clegislemos para armonizar los marcos jur\u00eddicos estatales con la Constituci\u00f3n general \u201cexpres\u00f3 la congresista Magaly  L\u00f3pez Dom\u00ednguez.  <\/p>\n\n\n\n<p>La reforma a la Constituci\u00f3n Pol\u00edtica del Estado Libre y Soberano de Oaxaca, en su Art\u00edculo 12 fue dictaminada por la Comisi\u00f3n Permanente de Estudios Constitucionales del Congreso local, y aprobada hoy por el pleno legislativo, entrar\u00e1 en vigor Luego de su publicaci\u00f3n en el Peri\u00f3dico Oficial del Estado de Oaxaca.<\/p>\n","protected":false},"excerpt":{"rendered":"<p>Redacci\u00f3n\/Zona Roja. Oaxaca de Ju\u00e1rez, Oax., 30 de septiembre de 2021. El Congreso local reform\u00f3&hellip;<\/p>\n","protected":false},"author":2,"featured_media":32627,"comment_status":"closed","ping_status":"open","sticky":false,"template":"","format":"standard","meta":{"_lmt_disableupdate":"","_lmt_disable":"","_jetpack_memberships_contains_paid_content":false,"footnotes":""},"categories":[109,46],"tags":[192],"class_list":["post-32628","post","type-post","status-publish","format-standard","has-post-thumbnail","hentry","category-minuto-a-minuto","category-zona-blanca","tag-diputada-magaly-lopez-dominguez"],"jetpack_featured_media_url":"https:\/\/zonaroja.com.mx\/wp-content\/uploads\/2021\/09\/img_5658.jpg","jetpack_sharing_enabled":true,"_links":{"self":[{"href":"https:\/\/zonaroja.com.mx\/index.php?rest_route=\/wp\/v2\/posts\/32628","targetHints":{"allow":["GET"]}}],"collection":[{"href":"https:\/\/zonaroja.com.mx\/index.php?rest_route=\/wp\/v2\/posts"}],"about":[{"href":"https:\/\/zonaroja.com.mx\/index.php?rest_route=\/wp\/v2\/types\/post"}],"author":[{"embeddable":true,"href":"https:\/\/zonaroja.com.mx\/index.php?rest_route=\/wp\/v2\/users\/2"}],"replies":[{"embeddable":true,"href":"https:\/\/zonaroja.com.mx\/index.php?rest_route=%2Fwp%2Fv2%2Fcomments&post=32628"}],"version-history":[{"count":1,"href":"https:\/\/zonaroja.com.mx\/index.php?rest_route=\/wp\/v2\/posts\/32628\/revisions"}],"predecessor-version":[{"id":32629,"href":"https:\/\/zonaroja.com.mx\/index.php?rest_route=\/wp\/v2\/posts\/32628\/revisions\/32629"}],"wp:featuredmedia":[{"embeddable":true,"href":"https:\/\/zonaroja.com.mx\/index.php?rest_route=\/wp\/v2\/media\/32627"}],"wp:attachment":[{"href":"https:\/\/zonaroja.com.mx\/index.php?rest_route=%2Fwp%2Fv2%2Fmedia&parent=32628"}],"wp:term":[{"taxonomy":"category","embeddable":true,"href":"https:\/\/zonaroja.com.mx\/index.php?rest_route=%2Fwp%2Fv2%2Fcategories&post=32628"},{"taxonomy":"post_tag","embeddable":true,"href":"https:\/\/zonaroja.com.mx\/index.php?rest_route=%2Fwp%2Fv2%2Ftags&post=32628"}],"curies":[{"name":"wp","href":"https:\/\/api.w.org\/{rel}","templated":true}]}}