{"id":3263,"date":"2019-08-21T14:29:57","date_gmt":"2019-08-21T19:29:57","guid":{"rendered":"https:\/\/www.zonaroja.com.mx\/?p=3263"},"modified":"2019-08-21T20:11:57","modified_gmt":"2019-08-22T01:11:57","slug":"integrantes-del-steuabjo-denuncian-criminalizacion-de-la-protesta-social","status":"publish","type":"post","link":"https:\/\/zonaroja.com.mx\/?p=3263","title":{"rendered":"Integrantes del STEUABJO denuncian criminalizaci\u00f3n de la protesta social"},"content":{"rendered":"<p>Redacci\u00f3n\/Zona Roja.<\/p>\n<p>Oaxaca de Ju\u00e1rez, Oax., 21 de agosto de 2019. Integrantes del Sindicato Trabajadores y Empleados de la Universidad Aut\u00f3noma \u201cBenito Ju\u00e1rez\u201d de Oaxaca, denunciaron que instancias como la Fiscal\u00eda General del Estado, criminalizan la protesta social, prueba de ello las recientes \u00f3rdenes de aprensi\u00f3n en contra de l\u00edderes sindicales de diferentes gremios en la entidad.<\/p>\n<p>\u201cEs incre\u00edble que por medio de carpetas de investigaci\u00f3n quieran contener la protesta social, que mediante el uso de la Fiscal\u00eda del estado traten de acallar las voces de quienes estamos inconformes con la falta de atenci\u00f3n por parte de las autoridades\u201d, asinti\u00f3 el dirigente del STEUABJO, David L\u00f3pez Cruz.<\/p>\n<p>Detall\u00f3 que como trabajadores y ciudadanos mexicanos tienen el derecho a la libre manifestaci\u00f3n, adem\u00e1s de que \u00e9sta es consecuencia de la falta de atenci\u00f3n por parte de las autoridades universitarias y de gobierno.<\/p>\n<p>En este mismo sentido rechaz\u00f3 la violencia que se ha registrado al interior de la m\u00e1xima casa de estudios, a la par que exigi\u00f3 mayor seguridad y castigo a los responsables de los hechos.<\/p>\n<p>Por ello demand\u00f3 a la Fiscal\u00eda, encabezada por Rub\u00e9n Vasconcelos M\u00e9ndez, se aglilicen las carpetas de investigaci\u00f3n de los hechos violentos que se han registrado al interior de la instituci\u00f3n, de forma reciente afectando a un agremiado del STEUABJO.<\/p>\n<p>Exhort\u00f3 a las autoridades universitarias a replantear la estrategia de seguridad, ya que no s\u00f3lo han resultado agredido personal sindicalizado, sino el alumnado que muchas veces ni siquiera conoce las diferentes problem\u00e1ticas al interior de la instituci\u00f3n.<\/p>\n<p>\u201cLo que queremos los universitarios es una universidad segura, queremos que no haya violencia al interior de la m\u00e1xima casa de estudios, \u00a1fuera porros de la Universidad\u201d, concluy\u00f3.<\/p>\n<p>PROTESTAN PREPARATORIANOS<\/p>\n<p>Por otra parte, estudiantes de la Preparatoria n\u00famero 7, encabezados por su director Omar Mora Cuevas, se manifestaron al interior de Rector\u00eda para exigir la conclusi\u00f3n de obras al interior del centro escolar.<\/p>\n<p>Se trata de un espacio deportivo con una inversi\u00f3n de tres millones y medio que ya fueron designados por el Instituto Oaxaque\u00f1o Constructor de Infraestructura F\u00edsica Educativa (IOCIFED) y asignada a la empresa Dicos Constructores e Innovadores S.A. de C.V., la cual mantiene en el abandono la obra sin darle continuidad, por lo que se manifestaron este mi\u00e9rcoles en Ciudad Universitaria.<\/p>\n\n\n<figure class=\"wp-block-embed-twitter wp-block-embed is-type-rich is-provider-twitter\"><div class=\"wp-block-embed__wrapper\">\n<div class=\"twitter-tweet\"><blockquote class=\"twitter-tweet\" data-lang=\"es\"><p lang=\"es\" dir=\"ltr\"><a href=\"https:\/\/twitter.com\/hashtag\/OaxacaGris?src=hash&amp;ref_src=twsrc%5Etfw\">#OaxacaGris<\/a><br>El dirigente del STEUABJO, Fernando David L\u00f3pez Cruz, recrimin\u00f3 hoy al <a href=\"https:\/\/twitter.com\/GobOax?ref_src=twsrc%5Etfw\">@GobOax<\/a> que use a la <a href=\"https:\/\/twitter.com\/FISCALIA_GobOax?ref_src=twsrc%5Etfw\">@FISCALIA_GobOax<\/a> para criminalizar la protesta social y que se liberen \u00f3rdenes de aprehensi\u00f3n en contra de sindicalizados. Pidi\u00f3 a la autoridad ministerial agilizar justicia. <a href=\"https:\/\/t.co\/OPVd8Niu13\">pic.twitter.com\/OPVd8Niu13<\/a><\/p>&mdash; Zona Roja Oaxaca (@MexRoja) <a href=\"https:\/\/twitter.com\/MexRoja\/status\/1164207546065981441?ref_src=twsrc%5Etfw\">21 de agosto de 2019<\/a><\/blockquote><\/div>\n<\/div><\/figure>\n\n\n\n<figure class=\"wp-block-embed-twitter wp-block-embed is-type-rich is-provider-twitter\"><div class=\"wp-block-embed__wrapper\">\n<div class=\"twitter-tweet\"><blockquote class=\"twitter-tweet\" data-lang=\"es\"><p lang=\"es\" dir=\"ltr\"><a href=\"https:\/\/twitter.com\/hashtag\/OaxacaGris?src=hash&amp;ref_src=twsrc%5Etfw\">#OaxacaGris<\/a><br>El catedr\u00e1tico de la <a href=\"https:\/\/twitter.com\/UABJO?ref_src=twsrc%5Etfw\">@UABJO<\/a> y defensor de derechos humanos, Pedro Sosa Guti\u00e9rrez, critic\u00f3 la nulidad de la <a href=\"https:\/\/twitter.com\/PABIC_GobOax?ref_src=twsrc%5Etfw\">@PABIC_GobOax<\/a> para resguardar las instalaciones universitarias; se solidariz\u00f3 con el STEUABJO por agresi\u00f3n a un sindicalizado. <a href=\"https:\/\/t.co\/FyYGPxv1zB\">pic.twitter.com\/FyYGPxv1zB<\/a><\/p>&mdash; Zona Roja Oaxaca (@MexRoja) <a href=\"https:\/\/twitter.com\/MexRoja\/status\/1164217003818790912?ref_src=twsrc%5Etfw\">21 de agosto de 2019<\/a><\/blockquote><\/div>\n<\/div><\/figure>\n","protected":false},"excerpt":{"rendered":"<p>Redacci\u00f3n\/Zona Roja. Oaxaca de Ju\u00e1rez, Oax., 21 de agosto de 2019. Integrantes del Sindicato Trabajadores&hellip;<\/p>\n","protected":false},"author":2,"featured_media":3262,"comment_status":"closed","ping_status":"open","sticky":false,"template":"","format":"standard","meta":{"_lmt_disableupdate":"","_lmt_disable":"","_jetpack_memberships_contains_paid_content":false,"footnotes":""},"categories":[109,47],"tags":[305],"class_list":["post-3263","post","type-post","status-publish","format-standard","has-post-thumbnail","hentry","category-minuto-a-minuto","category-zona-gris","tag-steuabjo"],"jetpack_featured_media_url":"https:\/\/zonaroja.com.mx\/wp-content\/uploads\/2019\/08\/img_0282.jpg","jetpack_sharing_enabled":true,"_links":{"self":[{"href":"https:\/\/zonaroja.com.mx\/index.php?rest_route=\/wp\/v2\/posts\/3263","targetHints":{"allow":["GET"]}}],"collection":[{"href":"https:\/\/zonaroja.com.mx\/index.php?rest_route=\/wp\/v2\/posts"}],"about":[{"href":"https:\/\/zonaroja.com.mx\/index.php?rest_route=\/wp\/v2\/types\/post"}],"author":[{"embeddable":true,"href":"https:\/\/zonaroja.com.mx\/index.php?rest_route=\/wp\/v2\/users\/2"}],"replies":[{"embeddable":true,"href":"https:\/\/zonaroja.com.mx\/index.php?rest_route=%2Fwp%2Fv2%2Fcomments&post=3263"}],"version-history":[{"count":2,"href":"https:\/\/zonaroja.com.mx\/index.php?rest_route=\/wp\/v2\/posts\/3263\/revisions"}],"predecessor-version":[{"id":3274,"href":"https:\/\/zonaroja.com.mx\/index.php?rest_route=\/wp\/v2\/posts\/3263\/revisions\/3274"}],"wp:featuredmedia":[{"embeddable":true,"href":"https:\/\/zonaroja.com.mx\/index.php?rest_route=\/wp\/v2\/media\/3262"}],"wp:attachment":[{"href":"https:\/\/zonaroja.com.mx\/index.php?rest_route=%2Fwp%2Fv2%2Fmedia&parent=3263"}],"wp:term":[{"taxonomy":"category","embeddable":true,"href":"https:\/\/zonaroja.com.mx\/index.php?rest_route=%2Fwp%2Fv2%2Fcategories&post=3263"},{"taxonomy":"post_tag","embeddable":true,"href":"https:\/\/zonaroja.com.mx\/index.php?rest_route=%2Fwp%2Fv2%2Ftags&post=3263"}],"curies":[{"name":"wp","href":"https:\/\/api.w.org\/{rel}","templated":true}]}}