{"id":32633,"date":"2021-09-30T20:15:59","date_gmt":"2021-10-01T01:15:59","guid":{"rendered":"http:\/\/www.zonaroja.com.mx\/?p=32633"},"modified":"2021-09-30T20:16:03","modified_gmt":"2021-10-01T01:16:03","slug":"uabjo-y-universidades-del-pais-acuerdan-fortalecer-erradicacion-de-violencia-y-cultura-de-paz","status":"publish","type":"post","link":"https:\/\/zonaroja.com.mx\/?p=32633","title":{"rendered":"UABJO y universidades del pa\u00eds acuerdan fortalecer erradicaci\u00f3n de violencia y cultura de paz"},"content":{"rendered":"\n<p>Redacci\u00f3n\/Zona Roja.<\/p>\n\n\n\n<p>Oaxaca de Ju\u00e1rez, Oax., 30 de septiembre de 2021.- La Universidad Aut\u00f3noma \u201cBenito Ju\u00e1rez\u201d de Oaxaca suscribi\u00f3 con otras instituciones del pa\u00eds convenios de colaboraci\u00f3n con la UNAM, a fin de intercambiar experiencias en materia de justicia universitaria y buscar de manera conjunta las mejores herramientas para atender y erradicar la violencia de g\u00e9nero y el acoso sexual en los espacios educativos.<\/p>\n\n\n\n<p>\u201cCon el tema de justicia universitaria, excelente coincidencia con el Rector de la \u2066<\/p>\n\n\n\n<p>UNAM, Enrique Graue, y rectores de 14 universidades estatales, para promover acciones de prevenci\u00f3n y atenci\u00f3n coordinada en la materia\u201d, difundi\u00f3 el rector Eduardo Bautista Mart\u00ednez.<\/p>\n\n\n\n<p>Asimismo, los responsables de instituciones educativas p\u00fablicas del nivel nacional, fortalecieron lazos de cooperaci\u00f3n en materia de cultura de paz, en que particip\u00f3 el subsecretario de la SEP, Luciano Concheiro, as\u00ed como el vocero de la Presidencia de la Rep\u00fablica, Jes\u00fas Ram\u00edrez Cuevas, adem\u00e1s del secretario general de la ANUIES, Jaime Valls.<\/p>\n\n\n\n<p>El responsable de la m\u00e1xima casa de estudios dio cuenta de las acciones emprendidas por la UABJO en materia de Cultura de Paz, en cumplimiento al acuerdo establecido con la Asociaci\u00f3n Nacional de Universidades e Instituciones de Educaci\u00f3n Superior (ANUIES).<\/p>\n\n\n\n<p>\u201cCon el Plan Integral de Paz, las universidades nos sumamos al trabajo de colaboraci\u00f3n para formar en perspectiva de derechos humanos. Importante liderazgo de la ANUIES\u201d, sostuvo Bautista Martinez.<\/p>\n","protected":false},"excerpt":{"rendered":"<p>Redacci\u00f3n\/Zona Roja. Oaxaca de Ju\u00e1rez, Oax., 30 de septiembre de 2021.- La Universidad Aut\u00f3noma \u201cBenito&hellip;<\/p>\n","protected":false},"author":2,"featured_media":32634,"comment_status":"closed","ping_status":"open","sticky":false,"template":"","format":"standard","meta":{"_lmt_disableupdate":"","_lmt_disable":"","_jetpack_memberships_contains_paid_content":false,"footnotes":""},"categories":[109,46],"tags":[360],"class_list":["post-32633","post","type-post","status-publish","format-standard","has-post-thumbnail","hentry","category-minuto-a-minuto","category-zona-blanca","tag-rector-eduardo-bautista-martinez"],"jetpack_featured_media_url":"https:\/\/zonaroja.com.mx\/wp-content\/uploads\/2021\/09\/Conferencia-rector-UABJO.jpg","jetpack_sharing_enabled":true,"_links":{"self":[{"href":"https:\/\/zonaroja.com.mx\/index.php?rest_route=\/wp\/v2\/posts\/32633","targetHints":{"allow":["GET"]}}],"collection":[{"href":"https:\/\/zonaroja.com.mx\/index.php?rest_route=\/wp\/v2\/posts"}],"about":[{"href":"https:\/\/zonaroja.com.mx\/index.php?rest_route=\/wp\/v2\/types\/post"}],"author":[{"embeddable":true,"href":"https:\/\/zonaroja.com.mx\/index.php?rest_route=\/wp\/v2\/users\/2"}],"replies":[{"embeddable":true,"href":"https:\/\/zonaroja.com.mx\/index.php?rest_route=%2Fwp%2Fv2%2Fcomments&post=32633"}],"version-history":[{"count":1,"href":"https:\/\/zonaroja.com.mx\/index.php?rest_route=\/wp\/v2\/posts\/32633\/revisions"}],"predecessor-version":[{"id":32635,"href":"https:\/\/zonaroja.com.mx\/index.php?rest_route=\/wp\/v2\/posts\/32633\/revisions\/32635"}],"wp:featuredmedia":[{"embeddable":true,"href":"https:\/\/zonaroja.com.mx\/index.php?rest_route=\/wp\/v2\/media\/32634"}],"wp:attachment":[{"href":"https:\/\/zonaroja.com.mx\/index.php?rest_route=%2Fwp%2Fv2%2Fmedia&parent=32633"}],"wp:term":[{"taxonomy":"category","embeddable":true,"href":"https:\/\/zonaroja.com.mx\/index.php?rest_route=%2Fwp%2Fv2%2Fcategories&post=32633"},{"taxonomy":"post_tag","embeddable":true,"href":"https:\/\/zonaroja.com.mx\/index.php?rest_route=%2Fwp%2Fv2%2Ftags&post=32633"}],"curies":[{"name":"wp","href":"https:\/\/api.w.org\/{rel}","templated":true}]}}