{"id":32637,"date":"2021-10-01T07:15:48","date_gmt":"2021-10-01T12:15:48","guid":{"rendered":"http:\/\/www.zonaroja.com.mx\/?p=32637"},"modified":"2021-10-01T07:15:50","modified_gmt":"2021-10-01T12:15:50","slug":"septiembre-rojo-por-covid-en-oaxaca-9-mil-370-contagiados-y-535-muertos","status":"publish","type":"post","link":"https:\/\/zonaroja.com.mx\/?p=32637","title":{"rendered":"Septiembre rojo por Covid en Oaxaca: 9 mil 370 contagiados y 535 muertos"},"content":{"rendered":"\n<p>Redacci\u00f3n\/Zona Roja.<\/p>\n\n\n\n<p>Oaxaca de Ju\u00e1rez, Oax. 30 de septiembre de 2021.- El mes de septiembre finaliza con nueve mil 370 casos acumulados de Covid-19, as\u00ed como 535 lamentables defunciones por este virus, y nueve mil 634 personas se han recuperado, informaron los Servicios de Salud de Oaxaca (SSO).<\/p>\n\n\n\n<p>En este sentido, el sector salud hace un llamado a la poblaci\u00f3n para que no baje la guardia, evite las reuniones, fiestas o aglomeraci\u00f3n de personas, debemos seguir con las medidas preventivas, uso correcto del cubrebocas, mantener la sana distancia de 1.5 metros entre personas, lavarse las manos con agua y jab\u00f3n o alcohol el gel al 70%, ya que la salud es responsabilidad de todos.<\/p>\n\n\n\n<p>Y es que este jueves, se han registrado 241 casos nuevos y nueve decesos, que suman 76 mil 862 casos acumulados desde que inicio la pandemia, y cinco mil 165 defunciones, hay mil 098 personas activas con la enfermedad en 125 municipios, es decir que pueden transmitir el virus SARS-CoV-2 a otras m\u00e1s y 70 mil 599 se han recuperado.<\/p>\n\n\n\n<p>Por Jurisdicci\u00f3n Sanitaria, Valles Centrales lleva un registro de 46 mil 529 casos confirmados y dos mil 315 defunciones, Istmo 10 mil 786 casos confirmados y mil 111 defunciones, Tuxtepec cinco mil 256 casos acumulados y 494 defunciones, Costa cinco mil 597 casos confirmados y 446 defunciones, Mixteca seis mil 028 casos confirmados y 525 defunciones, Sierra dos mil 666 casos confirmados y 274 defunciones.<\/p>\n\n\n\n<figure class=\"wp-block-embed-twitter wp-block-embed is-type-rich is-provider-twitter\"><div class=\"wp-block-embed__wrapper\">\n<div class=\"twitter-tweet\"><blockquote class=\"twitter-tweet\" data-lang=\"es\"><p lang=\"es\" dir=\"ltr\"><a href=\"https:\/\/twitter.com\/hashtag\/%C3%9AltimoMinuto?src=hash&amp;ref_src=twsrc%5Etfw\">#\u00daltimoMinuto<\/a><br>En <a href=\"https:\/\/twitter.com\/hashtag\/Oaxaca?src=hash&amp;ref_src=twsrc%5Etfw\">#Oaxaca<\/a>, este jueves los Servicios de Salud reportaron 241 casos positivos a Covid, para un total de 76 mil 862 casos confirmados.<br>Tambi\u00e9n, 9 decesos, que suman 5 mil 165 fallecimientos.<br>Hay 6 hospitales saturados; ocupaci\u00f3n hospitalaria promedio de 53.1%. <a href=\"https:\/\/t.co\/OhWEFK4Pta\">pic.twitter.com\/OhWEFK4Pta<\/a><\/p>&mdash; Zona Roja Oaxaca (@Zona_Roja_Oax) <a href=\"https:\/\/twitter.com\/Zona_Roja_Oax\/status\/1443761717360668673?ref_src=twsrc%5Etfw\">1 de octubre de 2021<\/a><\/blockquote><\/div>\n<\/div><\/figure>\n\n\n\n<p>Los 241 casos nuevos, afectan a 61 municipios, siendo el de Oaxaca de Ju\u00e1rez el primer lugar con 57, seguido de Juchit\u00e1n de Zaragoza con 21, Santo Domingo Tehuantepec 10, Santa Cruz Xoxocotl\u00e1n, Santa Luc\u00eda del Camino y Santiago Chazumba nueve cada uno, Salina Cruz ocho, Ciudad Ixtepec siete, Huajuapan de Le\u00f3n, y Santa Mar\u00eda Atzompa seis cada uno, el resto de cinco a un solo caso.<\/p>\n\n\n\n<p>De las cinco mil 165 defunciones, tres mil 286 son hombres y mil 879 mujeres, los grupos de edad m\u00e1s afectados son los de 65 y m\u00e1s a\u00f1os con dos mil 378, de 50 a 59 a\u00f1os con mil 114, 60 a 64 con 716, y de 25 a 44 a\u00f1os con 539, las comorbilidades asociadas son hipertensi\u00f3n arterial, diabetes, obesidad e insuficiencia renal.<\/p>\n\n\n\n<p>En relaci\u00f3n a las camas ocupadas por Jurisdicci\u00f3n Sanitaria, sobresale el Istmo con 66.3%, Valles Centrales con 58.2%, la Mixteca con un 45.7%, seguido de Tuxtepec 43.1%, y Costa 31.7% , haciendo un global del 53.1%.<\/p>\n\n\n\n<p>Hay seis hospitales con 100% de ocupaci\u00f3n y cinco nuevos hospitalizados, de las 482 camas totales para la atenci\u00f3n de pacientes COVID-19, hay disponibles 226.<\/p>\n","protected":false},"excerpt":{"rendered":"<p>Redacci\u00f3n\/Zona Roja. Oaxaca de Ju\u00e1rez, Oax. 30 de septiembre de 2021.- El mes de septiembre&hellip;<\/p>\n","protected":false},"author":2,"featured_media":32638,"comment_status":"closed","ping_status":"open","sticky":false,"template":"","format":"standard","meta":{"_lmt_disableupdate":"","_lmt_disable":"","_jetpack_memberships_contains_paid_content":false,"footnotes":""},"categories":[109,47],"tags":[1512],"class_list":["post-32637","post","type-post","status-publish","format-standard","has-post-thumbnail","hentry","category-minuto-a-minuto","category-zona-gris","tag-coronavirus-oaxaca"],"jetpack_featured_media_url":"https:\/\/zonaroja.com.mx\/wp-content\/uploads\/2021\/10\/30-de-septiembre-2021-Comunicado-te\u0301cnico.jpg","jetpack_sharing_enabled":true,"_links":{"self":[{"href":"https:\/\/zonaroja.com.mx\/index.php?rest_route=\/wp\/v2\/posts\/32637","targetHints":{"allow":["GET"]}}],"collection":[{"href":"https:\/\/zonaroja.com.mx\/index.php?rest_route=\/wp\/v2\/posts"}],"about":[{"href":"https:\/\/zonaroja.com.mx\/index.php?rest_route=\/wp\/v2\/types\/post"}],"author":[{"embeddable":true,"href":"https:\/\/zonaroja.com.mx\/index.php?rest_route=\/wp\/v2\/users\/2"}],"replies":[{"embeddable":true,"href":"https:\/\/zonaroja.com.mx\/index.php?rest_route=%2Fwp%2Fv2%2Fcomments&post=32637"}],"version-history":[{"count":1,"href":"https:\/\/zonaroja.com.mx\/index.php?rest_route=\/wp\/v2\/posts\/32637\/revisions"}],"predecessor-version":[{"id":32639,"href":"https:\/\/zonaroja.com.mx\/index.php?rest_route=\/wp\/v2\/posts\/32637\/revisions\/32639"}],"wp:featuredmedia":[{"embeddable":true,"href":"https:\/\/zonaroja.com.mx\/index.php?rest_route=\/wp\/v2\/media\/32638"}],"wp:attachment":[{"href":"https:\/\/zonaroja.com.mx\/index.php?rest_route=%2Fwp%2Fv2%2Fmedia&parent=32637"}],"wp:term":[{"taxonomy":"category","embeddable":true,"href":"https:\/\/zonaroja.com.mx\/index.php?rest_route=%2Fwp%2Fv2%2Fcategories&post=32637"},{"taxonomy":"post_tag","embeddable":true,"href":"https:\/\/zonaroja.com.mx\/index.php?rest_route=%2Fwp%2Fv2%2Ftags&post=32637"}],"curies":[{"name":"wp","href":"https:\/\/api.w.org\/{rel}","templated":true}]}}