{"id":32640,"date":"2021-10-01T07:45:50","date_gmt":"2021-10-01T12:45:50","guid":{"rendered":"http:\/\/www.zonaroja.com.mx\/?p=32640"},"modified":"2021-10-01T07:45:54","modified_gmt":"2021-10-01T12:45:54","slug":"necesario-valorar-opinion-de-ninez-y-adolescentes-en-un-proceso-judicial","status":"publish","type":"post","link":"https:\/\/zonaroja.com.mx\/?p=32640","title":{"rendered":"Necesario, valorar opini\u00f3n de ni\u00f1ez y adolescentes en un proceso judicial"},"content":{"rendered":"\n<p>Redacci\u00f3n\/Zona Roja.<\/p>\n\n\n\n<p>Oaxaca de Ju\u00e1rez, Oax., 1 de octubre de 2021.- Todas las ni\u00f1as, ni\u00f1os y adolescentes tienen derecho a la participaci\u00f3n efectiva, a ser respetados, tomados en cuenta y a opinar en asuntos en que se vean afectados sus derechos, incluidas las determinaciones judiciales, afirm\u00f3 la jueza S\u00e9ptimo Familiar del Centro del Poder Judicial del Estado, licenciada Adriana L\u00f3pez Arango.<\/p>\n\n\n\n<p>Al hablar sobre la importancia del derecho de opini\u00f3n de la ni\u00f1ez y adolescencia en las audiencias, resalt\u00f3 que ello debe darse en un contexto con los medios adecuados, debido a que las diferencias entre ni\u00f1os y adultos son significativas y los menores de edad requieren un trato adecuado, especializado y diferenciado.<\/p>\n\n\n\n<p>Mencion\u00f3 que la obligaci\u00f3n de la autoridad no es solamente tomar en cuenta su opini\u00f3n, sino realmente respetar sus argumentos, narraciones y puntos de vista, democratizando as\u00ed, el \u00e1mbito de las determinaciones judiciales por las que est\u00e9 atravesando la ni\u00f1a, ni\u00f1o o adolescente para ayudarlo y hacerle entender tambi\u00e9n que nada de lo que sucede a su alrededor o en su relaci\u00f3n familiar, es su culpa.<\/p>\n\n\n\n<p>\u201cSe trata de valorar su opini\u00f3n de manera congruente y dictar una decisi\u00f3n a partir de la adecuada ponderaci\u00f3n entre lo que el ni\u00f1o expresa y el contexto de la controversia familiar. Entre m\u00e1s capacidades tenga la ni\u00f1ez para expresarse, los medios y los mecanismos tendr\u00e1n que adaptarse a ese desarrollo\u201d, se\u00f1al\u00f3.<\/p>\n\n\n\n<p>Por otra parte, manifest\u00f3 que en estos casos, que en su mayor\u00eda se relacionan con la convivencia, guarda y custodia, abusos o maltratos, las y los jueces se apoyan de peritos psic\u00f3logos o incluso el mismo juzgador puede realizar la escucha en un ambiente de confianza y privado, con el fin de que el menor de edad pueda externar sus puntos de vista sin que se sienta culpable de lo que diga, salvaguardando en todo momento sus derechos.<\/p>\n\n\n\n<p>La jueza Adriana L\u00f3pez Arango fue entrevistada en el programa Son mis derechos\u201d, que se transmite los d\u00edas jueves, de manera quincenal, de 19:00 a 20:00 horas por el canal 9.1 de televisi\u00f3n abierta en Oaxaca, con repeticiones el martes a las 17:00 horas y s\u00e1bado a las 12:00 horas; adem\u00e1s se puede seguir por las redes sociales de la CORTV y el Tribunal Superior de Justicia en Facebook https:\/\/www.facebook.com\/TSJOAX o Twitter @tsjoaxaca<\/p>\n","protected":false},"excerpt":{"rendered":"<p>Redacci\u00f3n\/Zona Roja. Oaxaca de Ju\u00e1rez, Oax., 1 de octubre de 2021.- Todas las ni\u00f1as, ni\u00f1os&hellip;<\/p>\n","protected":false},"author":2,"featured_media":32641,"comment_status":"closed","ping_status":"open","sticky":false,"template":"","format":"standard","meta":{"_lmt_disableupdate":"","_lmt_disable":"","_jetpack_memberships_contains_paid_content":false,"footnotes":""},"categories":[109,47],"tags":[],"class_list":["post-32640","post","type-post","status-publish","format-standard","has-post-thumbnail","hentry","category-minuto-a-minuto","category-zona-gris"],"jetpack_featured_media_url":"https:\/\/zonaroja.com.mx\/wp-content\/uploads\/2021\/10\/01-La-jueza-Adriana-Lopez-Arango-fue-entrevistada-en-el-programa-Son-mis-derechos.jpg","jetpack_sharing_enabled":true,"_links":{"self":[{"href":"https:\/\/zonaroja.com.mx\/index.php?rest_route=\/wp\/v2\/posts\/32640","targetHints":{"allow":["GET"]}}],"collection":[{"href":"https:\/\/zonaroja.com.mx\/index.php?rest_route=\/wp\/v2\/posts"}],"about":[{"href":"https:\/\/zonaroja.com.mx\/index.php?rest_route=\/wp\/v2\/types\/post"}],"author":[{"embeddable":true,"href":"https:\/\/zonaroja.com.mx\/index.php?rest_route=\/wp\/v2\/users\/2"}],"replies":[{"embeddable":true,"href":"https:\/\/zonaroja.com.mx\/index.php?rest_route=%2Fwp%2Fv2%2Fcomments&post=32640"}],"version-history":[{"count":1,"href":"https:\/\/zonaroja.com.mx\/index.php?rest_route=\/wp\/v2\/posts\/32640\/revisions"}],"predecessor-version":[{"id":32642,"href":"https:\/\/zonaroja.com.mx\/index.php?rest_route=\/wp\/v2\/posts\/32640\/revisions\/32642"}],"wp:featuredmedia":[{"embeddable":true,"href":"https:\/\/zonaroja.com.mx\/index.php?rest_route=\/wp\/v2\/media\/32641"}],"wp:attachment":[{"href":"https:\/\/zonaroja.com.mx\/index.php?rest_route=%2Fwp%2Fv2%2Fmedia&parent=32640"}],"wp:term":[{"taxonomy":"category","embeddable":true,"href":"https:\/\/zonaroja.com.mx\/index.php?rest_route=%2Fwp%2Fv2%2Fcategories&post=32640"},{"taxonomy":"post_tag","embeddable":true,"href":"https:\/\/zonaroja.com.mx\/index.php?rest_route=%2Fwp%2Fv2%2Ftags&post=32640"}],"curies":[{"name":"wp","href":"https:\/\/api.w.org\/{rel}","templated":true}]}}