{"id":32643,"date":"2021-10-01T07:54:05","date_gmt":"2021-10-01T12:54:05","guid":{"rendered":"http:\/\/www.zonaroja.com.mx\/?p=32643"},"modified":"2021-10-01T07:54:11","modified_gmt":"2021-10-01T12:54:11","slug":"edita-escuela-normal-de-teposcolula-revista-expresiones-normalistas","status":"publish","type":"post","link":"https:\/\/zonaroja.com.mx\/?p=32643","title":{"rendered":"Edita Escuela Normal de Teposcolula revista \u201cExpresiones Normalistas\u201d"},"content":{"rendered":"\n<p>Redacci\u00f3n\/Zona Roja.<\/p>\n\n\n\n<p>Oaxaca de Ju\u00e1rez, Oax., 1 de octubre de 2021.- La Escuela Normal Experimental de Teposcolula (ENET), present\u00f3 el primer n\u00famero de la revista digital \u201cExpresiones Normalistas\u201d, iniciativa por la que el Instituto Estatal de Educaci\u00f3n P\u00fablica de Oaxaca (IEEPO), le expres\u00f3 su felicitaci\u00f3n y reconocimiento, al ser muestra del compromiso del plantel con la investigaci\u00f3n, divulgaci\u00f3n e intercambio de conocimientos y experiencias en temas educativos.<\/p>\n\n\n\n<p>En un evento virtual, en el que estuvo presente el director general de Educaci\u00f3n Superior para el Magisterio (DGESuM) de la Secretar\u00eda de Educaci\u00f3n P\u00fablica (SEP), Mario Ch\u00e1vez Campos, a nombre del director general del IEEPO, Francisco \u00c1ngel Villarreal, el subdirector General de Servicios Educativos, \u00c1lvaro C\u00e9sar Guevara Ram\u00edrez, destac\u00f3 la valiosa contribuci\u00f3n a la sociedad y en especial a la comunidad normalista de esta nueva publicaci\u00f3n.<\/p>\n\n\n\n<p>Hizo un reconocimiento p\u00fablico al director de la ENET, Omar Javier G\u00f3mez Bautista; al director editorial de la revista Julio Ubiidxa R\u00edos Pe\u00f1a y al Comit\u00e9 Editorial integrado adem\u00e1s del director de la Escuela Normal por Mar\u00eda Angelina Orozco Jim\u00e9nez; Betzabeth Reyes P\u00e9rez; Nelly Hern\u00e1ndez Ayala y Omar Javier G\u00f3mez Bautista as\u00ed como a las y los colaboradores, ya que en los tiempos actuales es fundamental contar con espacios que abran sus p\u00e1ginas a las diversas ideas para el an\u00e1lisis y la reflexi\u00f3n docente.<\/p>\n\n\n\n<p>Asimismo, el director general de Educaci\u00f3n Superior para el Magisterio (DGESuM), Mario Ch\u00e1vez Campos, reconoci\u00f3 la importancia de contar con una publicaci\u00f3n de este tipo en Oaxaca.<\/p>\n\n\n\n<p>El primer n\u00famero de la revista digital \u201cExpresiones Normalistas\u201d, ofrece a las y los lectores siete art\u00edculos que constituyen una ventana para apreciar diferentes miradas en torno al contexto actual de la educaci\u00f3n, con t\u00edtulos como Desastres naturales y escuelas: a cuatro a\u00f1os del terremoto del 2017; Los retos de los docentes ante el COVID-19 y Estrategia de educaci\u00f3n a distancia ante la contingencia sanitaria por COVID-19 en la Normal Experimental de Teposcolula.<\/p>\n\n\n\n<p>Tambi\u00e9n, Jornada de pr\u00e1cticas; La utilizaci\u00f3n del resumen para favorecer la comprensi\u00f3n lectora. Experiencias en la escuela primaria; \u00a1Ya no quiero estudiar! y La responsabilidad pedag\u00f3gica de educar infancias: una renovaci\u00f3n inevitable.<\/p>\n\n\n\n<p>En la editorial, el maestro Julio Ubiidxa Rios Pe\u00f1a se\u00f1ala que \u201cExpresiones Normalistas\u201d, revista de difusi\u00f3n y divulgaci\u00f3n, responde al decidido y constante empuje de la comunidad normalista por crear y recrear la educaci\u00f3n a partir de una cr\u00edtica mirada docente. Adem\u00e1s da continuidad a su incesante compromiso por mantenerse como un espacio abierto para el an\u00e1lisis y la reflexi\u00f3n en torno a las diferentes aristas, pol\u00edticas, sociales, culturales, que son parte de la formaci\u00f3n docente que tiene lugar en esa instituci\u00f3n.<\/p>\n\n\n\n<p>En esta ocasi\u00f3n, los art\u00edculos publicados son aportaciones de Yuridia Montesinos Garc\u00eda, Omar Javier G\u00f3mez Bautista, Gerardo Garc\u00eda L\u00f3pez, Maritza Ballona Gonz\u00e1lez, Dolores Cartas Rodr\u00edguez y Betzabeth Reyes. La revista completa se puede consultar en la p\u00e1gina web del IEEPO www.oaxaca.gob.mx\/ieepo o directamente en el enlace: https:\/\/www.oaxaca.gob.mx\/ieepo\/wp-content\/uploads\/sites\/75\/2021\/09\/Revista-Expresiones-Normalistas01.pdf.<\/p>\n","protected":false},"excerpt":{"rendered":"<p>Redacci\u00f3n\/Zona Roja. Oaxaca de Ju\u00e1rez, Oax., 1 de octubre de 2021.- La Escuela Normal Experimental&hellip;<\/p>\n","protected":false},"author":2,"featured_media":32644,"comment_status":"closed","ping_status":"open","sticky":false,"template":"","format":"standard","meta":{"_lmt_disableupdate":"","_lmt_disable":"","_jetpack_memberships_contains_paid_content":false,"footnotes":""},"categories":[109,46],"tags":[2837],"class_list":["post-32643","post","type-post","status-publish","format-standard","has-post-thumbnail","hentry","category-minuto-a-minuto","category-zona-blanca","tag-instituto-estatal-de-educacion-publica-de-oaxaca-ieepo"],"jetpack_featured_media_url":"https:\/\/zonaroja.com.mx\/wp-content\/uploads\/2021\/10\/Revista-expresiones-normalistas.jpg","jetpack_sharing_enabled":true,"_links":{"self":[{"href":"https:\/\/zonaroja.com.mx\/index.php?rest_route=\/wp\/v2\/posts\/32643","targetHints":{"allow":["GET"]}}],"collection":[{"href":"https:\/\/zonaroja.com.mx\/index.php?rest_route=\/wp\/v2\/posts"}],"about":[{"href":"https:\/\/zonaroja.com.mx\/index.php?rest_route=\/wp\/v2\/types\/post"}],"author":[{"embeddable":true,"href":"https:\/\/zonaroja.com.mx\/index.php?rest_route=\/wp\/v2\/users\/2"}],"replies":[{"embeddable":true,"href":"https:\/\/zonaroja.com.mx\/index.php?rest_route=%2Fwp%2Fv2%2Fcomments&post=32643"}],"version-history":[{"count":1,"href":"https:\/\/zonaroja.com.mx\/index.php?rest_route=\/wp\/v2\/posts\/32643\/revisions"}],"predecessor-version":[{"id":32645,"href":"https:\/\/zonaroja.com.mx\/index.php?rest_route=\/wp\/v2\/posts\/32643\/revisions\/32645"}],"wp:featuredmedia":[{"embeddable":true,"href":"https:\/\/zonaroja.com.mx\/index.php?rest_route=\/wp\/v2\/media\/32644"}],"wp:attachment":[{"href":"https:\/\/zonaroja.com.mx\/index.php?rest_route=%2Fwp%2Fv2%2Fmedia&parent=32643"}],"wp:term":[{"taxonomy":"category","embeddable":true,"href":"https:\/\/zonaroja.com.mx\/index.php?rest_route=%2Fwp%2Fv2%2Fcategories&post=32643"},{"taxonomy":"post_tag","embeddable":true,"href":"https:\/\/zonaroja.com.mx\/index.php?rest_route=%2Fwp%2Fv2%2Ftags&post=32643"}],"curies":[{"name":"wp","href":"https:\/\/api.w.org\/{rel}","templated":true}]}}