{"id":32656,"date":"2021-10-01T18:50:53","date_gmt":"2021-10-01T23:50:53","guid":{"rendered":"http:\/\/www.zonaroja.com.mx\/?p=32656"},"modified":"2021-10-01T18:50:56","modified_gmt":"2021-10-01T23:50:56","slug":"reconoce-teeo-constancia-de-mayoria-expedida-a-morena-en-eleccion-de-teposcolula","status":"publish","type":"post","link":"https:\/\/zonaroja.com.mx\/?p=32656","title":{"rendered":"Reconoce TEEO constancia de mayor\u00eda expedida a Morena en elecci\u00f3n de Teposcolula"},"content":{"rendered":"\n<p>Redacci\u00f3n\/Zona Roja.<\/p>\n\n\n\n<p>Oaxaca de Ju\u00e1rez, Oax., a 1 de octubre de 2021.- En sesi\u00f3n p\u00fablica mediante videoconferencia, el pleno del Tribunal Electoral del Estado de Oaxaca (TEEO) confirm\u00f3 la declaraci\u00f3n de validez de la elecci\u00f3n de concejales al ayuntamiento de San Pedro y San Pablo Teposcolula, as\u00ed como, la entrega de la constancia de mayor\u00eda expedida a la planilla postulada por Morena, encabezada por Br\u00edgida Santiago Hern\u00e1ndez.<\/p>\n\n\n\n<p>En un comunicado, inform\u00f3 que mediante la resoluci\u00f3n del Juicio para la Protecci\u00f3n de los Derechos Pol\u00edtico Electorales del Ciudadano, identificado con la clave JDC\/246\/2021, tambi\u00e9n fue validado el acuerdo del Instituto Estatal Electoral con n\u00famero IEEPCO-CG-89\/2021, al igual que, el acta de c\u00f3mputo municipal de 24 de julio del a\u00f1o en curso.<\/p>\n\n\n\n<p>Expuso que respecto al agravio hecho valer por Adalberto Reyes \u00c1vila, quien se ostent\u00f3 como candidato no registrado a primer concejal de esa localidad, respecto a que se le diera validez a los votos asentados con su nombre, el \u00f3rgano jurisdiccional advirti\u00f3 que esta situaci\u00f3n generar\u00edan una distorsi\u00f3n del r\u00e9gimen electoral vigente, as\u00ed como una afectaci\u00f3n a los principios de certeza, legalidad y equidad en la contienda.<\/p>\n\n\n\n<p>Ello es as\u00ed, agreg\u00f3 la resoluci\u00f3n, pues aceptar la premisa del accionante, ser\u00eda tanto como permitir que el actor obtuviera un triunfo en un plano de inequidad, ya que mientras los candidatos se ci\u00f1eron en todo momento a las reglas electorales aplicables y, consecuentemente, al cumplimiento de los principios de certeza y legalidad que rigen en materia electoral, el actor se mantuvo al margen de la normativa, adem\u00e1s de que estuvo exento de la fiscalizaci\u00f3n de recursos y de la vigilancia permanente de su actuaci\u00f3n durante todas las etapas del proceso electoral; lo cual en modo alguno puede ser permitido.<\/p>\n\n\n\n<p>OTROS TRIUNFOS<\/p>\n\n\n\n<p>Por otra parte, el pleno del Tribunal confirm\u00f3 tambi\u00e9n, los resultados de las elecciones de concejales a los ayuntamientos de Barrio La Soledad, San Miguel Amatitl\u00e1n y San Francisco Telixtlahuaca, en este \u00faltimo caso que gan\u00f3 Nidia Betzabeth Garc\u00eda P\u00e9rez.<\/p>\n\n\n\n<p>En el primero de estos, este \u00f3rgano jurisdiccional valid\u00f3 el acta de c\u00f3mputo municipal de la elecci\u00f3n de concejales del Ayuntamiento de Barrio la Soledad, as\u00ed como la declaraci\u00f3n de validez y la constancia de mayor\u00eda y validez expedida a favor de la planilla postulada por Morena.<\/p>\n\n\n\n<p>En cuanto a la elecci\u00f3n de San Miguel Amatitl\u00e1n, a trav\u00e9s del juicio RIN\/EA\/10\/2021,&nbsp; el TEEO confirm\u00f3 el acta de c\u00f3mputo municipal, la declaraci\u00f3n de validez y la constancia de mayor\u00eda expedida a favor del Partido Acci\u00f3n Nacional.<\/p>\n\n\n\n<p>El Pleno valid\u00f3 el resultado de la elecci\u00f3n de concejales en el municipio de San Francisco Telixtlahuaca, en consecuencia, el otorgamiento de la constancia expedida por el Consejo Municipal Electoral citado a la planilla postulada por el Partido Redes Sociales Progresista.<\/p>\n\n\n\n<p>En los recursos de inconformidad identificados con las CLAVES: RIN\/EA\/79\/2021, RIN\/EA\/80\/2021, RIN\/EA\/81\/2021, RIN\/EA\/82\/2021, RIN\/EA\/83\/2021, RIN\/EA\/84\/2021, RIN\/EA\/85\/2021 y RIN\/EA\/86\/2021&nbsp; acumulados; declar\u00f3 infundados e inoperantes los agravios referentes a la supuesta intervenci\u00f3n de la Presidenta Municipal de esa localidad y la omisi\u00f3n del Consejo Municipal Electoral de recibir las quejas de los partidos pol\u00edticos promoventes.<\/p>\n","protected":false},"excerpt":{"rendered":"<p>Redacci\u00f3n\/Zona Roja. Oaxaca de Ju\u00e1rez, Oax., a 1 de octubre de 2021.- En sesi\u00f3n p\u00fablica&hellip;<\/p>\n","protected":false},"author":2,"featured_media":32657,"comment_status":"closed","ping_status":"open","sticky":false,"template":"","format":"standard","meta":{"_lmt_disableupdate":"","_lmt_disable":"","_jetpack_memberships_contains_paid_content":false,"footnotes":""},"categories":[109,46],"tags":[2737],"class_list":["post-32656","post","type-post","status-publish","format-standard","has-post-thumbnail","hentry","category-minuto-a-minuto","category-zona-blanca","tag-san-pedro-y-san-pablo-teposcolula"],"jetpack_featured_media_url":"https:\/\/zonaroja.com.mx\/wp-content\/uploads\/2021\/10\/TEEO-elecciones.jpg","jetpack_sharing_enabled":true,"_links":{"self":[{"href":"https:\/\/zonaroja.com.mx\/index.php?rest_route=\/wp\/v2\/posts\/32656","targetHints":{"allow":["GET"]}}],"collection":[{"href":"https:\/\/zonaroja.com.mx\/index.php?rest_route=\/wp\/v2\/posts"}],"about":[{"href":"https:\/\/zonaroja.com.mx\/index.php?rest_route=\/wp\/v2\/types\/post"}],"author":[{"embeddable":true,"href":"https:\/\/zonaroja.com.mx\/index.php?rest_route=\/wp\/v2\/users\/2"}],"replies":[{"embeddable":true,"href":"https:\/\/zonaroja.com.mx\/index.php?rest_route=%2Fwp%2Fv2%2Fcomments&post=32656"}],"version-history":[{"count":1,"href":"https:\/\/zonaroja.com.mx\/index.php?rest_route=\/wp\/v2\/posts\/32656\/revisions"}],"predecessor-version":[{"id":32658,"href":"https:\/\/zonaroja.com.mx\/index.php?rest_route=\/wp\/v2\/posts\/32656\/revisions\/32658"}],"wp:featuredmedia":[{"embeddable":true,"href":"https:\/\/zonaroja.com.mx\/index.php?rest_route=\/wp\/v2\/media\/32657"}],"wp:attachment":[{"href":"https:\/\/zonaroja.com.mx\/index.php?rest_route=%2Fwp%2Fv2%2Fmedia&parent=32656"}],"wp:term":[{"taxonomy":"category","embeddable":true,"href":"https:\/\/zonaroja.com.mx\/index.php?rest_route=%2Fwp%2Fv2%2Fcategories&post=32656"},{"taxonomy":"post_tag","embeddable":true,"href":"https:\/\/zonaroja.com.mx\/index.php?rest_route=%2Fwp%2Fv2%2Ftags&post=32656"}],"curies":[{"name":"wp","href":"https:\/\/api.w.org\/{rel}","templated":true}]}}