{"id":3266,"date":"2019-08-21T15:18:24","date_gmt":"2019-08-21T20:18:24","guid":{"rendered":"https:\/\/www.zonaroja.com.mx\/?p=3266"},"modified":"2019-08-21T20:09:42","modified_gmt":"2019-08-22T01:09:42","slug":"defensores-de-animales-acusan-de-simulacion-al-edil-garcia-jarquin","status":"publish","type":"post","link":"https:\/\/zonaroja.com.mx\/?p=3266","title":{"rendered":"Defensores de animales acusan de simulaci\u00f3n al edil Garc\u00eda Jarqu\u00edn"},"content":{"rendered":"<p><span style=\"font-family: UICTFontTextStyleBody;font-size: 17px;font-style: normal;font-weight: normal;letter-spacing: normal;text-align: start;text-indent: 0px;text-transform: none;text-decoration: none\">Evlin Arag\u00f3n\/<\/span>Zona Roja.<br>\nOaxaca de Ju\u00e1rez, Oax., 21 de agosto de 2019.- <span style=\"font-family: UICTFontTextStyleBody;font-size: 17px;font-style: normal;font-weight: normal;letter-spacing: normal;text-align: start;text-indent: 0px;text-transform: none;text-decoration: none\">Activistas en defensa de los animales <\/span>protesta<span style=\"font-family: UICTFontTextStyleBody;font-size: 17px;font-style: normal;font-weight: normal;letter-spacing: normal;text-align: start;text-indent: 0px;text-transform: none;text-decoration: none\">ron hoy en <\/span>la<span style=\"font-family: UICTFontTextStyleBody;font-size: 17px;font-style: normal;font-weight: normal;letter-spacing: normal;text-align: start;text-indent: 0px;text-transform: none;text-decoration: none\"> <\/span>sede<span style=\"font-family: UICTFontTextStyleBody;font-size: 17px;font-style: normal;font-weight: normal;letter-spacing: normal;text-align: start;text-indent: 0px;text-transform: none;text-decoration: none\"> del ayuntamiento de Oaxaca de Ju\u00e1rez para exigir una mesa de trabajo con la autoridad municipal, encabezada por Oswaldo Garc\u00eda Jarqu\u00edn.<\/span><br>\n<span style=\"font-family: UICTFontTextStyleBody;font-size: 17px;font-style: normal;font-weight: normal;letter-spacing: normal;text-align: start;text-indent: 0px;text-transform: none;text-decoration: none\">\u201cBasta de simulaci\u00f3n\u201d y \u201cExigimos esterilizaci\u00f3n masiva\u201d, fueron algunas de las consignas que se le\u00edan en las pancartas con las que acompa\u00f1aron la <\/span>manifestaci\u00f3n<span style=\"font-family: UICTFontTextStyleBody;font-size: 17px;font-style: normal;font-weight: normal;letter-spacing: normal;text-align: start;text-indent: 0px;text-transform: none;text-decoration: none\">, en la que criticaron la desidia de las autoridades municipales.<\/span><br>\n<span style=\"font-family: UICTFontTextStyleBody;font-size: 17px;font-style: normal;font-weight: normal;letter-spacing: normal;text-align: start;text-indent: 0px;text-transform: none;text-decoration: none\">El grupo de manifestantes estuvo encabezado por Hilda Toledo, quien explic\u00f3 que han sido a\u00f1os de exigir un compromiso serio con la esterilizaci\u00f3n de animales callejeros, como medida para reducir la sobrepoblaci\u00f3n, sin embargo, la respuesta siempre ha sido la falta de presupuesto, a pesar de plantear opciones que no generan grandes costos.<\/span><br>\n<span style=\"font-family: UICTFontTextStyleBody;font-size: 17px;font-style: normal;font-weight: normal;letter-spacing: normal;text-align: start;text-indent: 0px;text-transform: none;text-decoration: none\">\u201cQueremos que el presidente municipal cumpla con los compromisos que hizo en campa\u00f1a con la comunidad animalista, eso es lo queremos, basta de simulaci\u00f3n\u201d, dijo la activista.<\/span><br>\n<span style=\"font-family: UICTFontTextStyleBody;font-size: 17px;font-style: normal;font-weight: normal;letter-spacing: normal;text-align: start;text-indent: 0px;text-transform: none;text-decoration: none\">Dentro de sus demandas tambi\u00e9n se encuentra la destituci\u00f3n inmediata de Marco Antonio Jimenez Bola\u00f1os subdirector de Control Sanitario del municipio, a quien se\u00f1alan de cobrar sin trabajar, desde administraciones pasadas.<\/span><span style=\"font-family: UICTFontTextStyleBody;font-size: 17px;font-style: normal;font-weight: normal;letter-spacing: normal;text-align: start;text-indent: 0px;text-transform: none;text-decoration: none\"><span class=\"Apple-converted-space\">&nbsp;<\/span><\/span><br>\n<span style=\"font-family: UICTFontTextStyleBody;font-size: 17px;font-style: normal;font-weight: normal;letter-spacing: normal;text-align: start;text-indent: 0px;text-transform: none;text-decoration: none\">Finalmente la activista lament\u00f3 que \u00e9l presidenta municipal no se preste al di\u00e1logo, no escuche y se dedique a gobernar de forma medi\u00e1tica perjudicando a la ciudadan\u00eda y en este caso particular a los animales.<\/span><span style=\"font-family: UICTFontTextStyleBody;font-size: 17px;font-style: normal;font-weight: normal;letter-spacing: normal;text-align: start;text-indent: 0px;text-transform: none;text-decoration: none\"><span class=\"Apple-converted-space\">&nbsp;<\/span><\/span><br>\n<span style=\"font-family: UICTFontTextStyleBody;font-size: 17px;font-style: normal;font-weight: normal;letter-spacing: normal;text-align: start;text-indent: 0px;text-transform: none;text-decoration: none\">\u201cEs una verg\u00fcenza que el partido que se dice del cambio de la Cuarta Transformaci\u00f3n (Morena) est\u00e9 actuando de esta manera, con un doble discurso y sin cumplirle a la ciudadan\u00eda\u201d, concluy\u00f3.<\/span><br>\n<span style=\"font-family: UICTFontTextStyleBody;font-size: 17px;font-style: normal;font-weight: normal;letter-spacing: normal;text-align: start;text-indent: 0px;text-transform: none;text-decoration: none\">Por su parte la autoridad municipal asegur\u00f3 que es la activista quien no ha querido sentarse a dialogar y por el contrario busca que sea su organizaci\u00f3n la que realice las esterilizaciones y no la subdirecci\u00f3n de Control Sanitario del ayuntamiento.<\/span><\/p>\n\n\n<figure class=\"wp-block-embed-twitter wp-block-embed is-type-rich is-provider-twitter\"><div class=\"wp-block-embed__wrapper\">\n<div class=\"twitter-tweet\"><blockquote class=\"twitter-tweet\" data-lang=\"es\"><p lang=\"es\" dir=\"ltr\"><a href=\"https:\/\/twitter.com\/hashtag\/OaxacaGris?src=hash&amp;ref_src=twsrc%5Etfw\">#OaxacaGris<\/a><br>\u201c\u00a1Fif\u00ed, fif\u00ed, <a href=\"https:\/\/twitter.com\/oswaldogarciaj?ref_src=twsrc%5Etfw\">@oswaldogarciaj<\/a> es un fif\u00ed!<br>\u201c\u00a1Fif\u00ed, fif\u00ed, <a href=\"https:\/\/twitter.com\/oswaldogarciaj?ref_src=twsrc%5Etfw\">@oswaldogarciaj<\/a> es un fif\u00ed! <br>El grito de protectoras de animales contra el edil de <a href=\"https:\/\/twitter.com\/MunicipioOaxaca?ref_src=twsrc%5Etfw\">@MunicipioOaxaca<\/a>, a quien acusaron hoy de desatender la esterilizaci\u00f3n de animales callejeros y dom\u00e9sticos <a href=\"https:\/\/t.co\/URfHbRRnGn\">pic.twitter.com\/URfHbRRnGn<\/a><\/p>&mdash; Zona Roja Oaxaca (@MexRoja) <a href=\"https:\/\/twitter.com\/MexRoja\/status\/1164332897622482944?ref_src=twsrc%5Etfw\">22 de agosto de 2019<\/a><\/blockquote><\/div>\n<\/div><\/figure>\n","protected":false},"excerpt":{"rendered":"<p>Evlin Arag\u00f3n\/Zona Roja. Oaxaca de Ju\u00e1rez, Oax., 21 de agosto de 2019.- Activistas en defensa&hellip;<\/p>\n","protected":false},"author":2,"featured_media":3269,"comment_status":"closed","ping_status":"open","sticky":false,"template":"","format":"standard","meta":{"_lmt_disableupdate":"","_lmt_disable":"","_jetpack_memberships_contains_paid_content":false,"footnotes":""},"categories":[109,47],"tags":[115],"class_list":["post-3266","post","type-post","status-publish","format-standard","has-post-thumbnail","hentry","category-minuto-a-minuto","category-zona-gris","tag-oswaldo-garcia-jarquin"],"jetpack_featured_media_url":"https:\/\/zonaroja.com.mx\/wp-content\/uploads\/2019\/08\/77d87f36-6ff6-49fd-ab77-532986512b31-1.jpg","jetpack_sharing_enabled":true,"_links":{"self":[{"href":"https:\/\/zonaroja.com.mx\/index.php?rest_route=\/wp\/v2\/posts\/3266","targetHints":{"allow":["GET"]}}],"collection":[{"href":"https:\/\/zonaroja.com.mx\/index.php?rest_route=\/wp\/v2\/posts"}],"about":[{"href":"https:\/\/zonaroja.com.mx\/index.php?rest_route=\/wp\/v2\/types\/post"}],"author":[{"embeddable":true,"href":"https:\/\/zonaroja.com.mx\/index.php?rest_route=\/wp\/v2\/users\/2"}],"replies":[{"embeddable":true,"href":"https:\/\/zonaroja.com.mx\/index.php?rest_route=%2Fwp%2Fv2%2Fcomments&post=3266"}],"version-history":[{"count":2,"href":"https:\/\/zonaroja.com.mx\/index.php?rest_route=\/wp\/v2\/posts\/3266\/revisions"}],"predecessor-version":[{"id":3273,"href":"https:\/\/zonaroja.com.mx\/index.php?rest_route=\/wp\/v2\/posts\/3266\/revisions\/3273"}],"wp:featuredmedia":[{"embeddable":true,"href":"https:\/\/zonaroja.com.mx\/index.php?rest_route=\/wp\/v2\/media\/3269"}],"wp:attachment":[{"href":"https:\/\/zonaroja.com.mx\/index.php?rest_route=%2Fwp%2Fv2%2Fmedia&parent=3266"}],"wp:term":[{"taxonomy":"category","embeddable":true,"href":"https:\/\/zonaroja.com.mx\/index.php?rest_route=%2Fwp%2Fv2%2Fcategories&post=3266"},{"taxonomy":"post_tag","embeddable":true,"href":"https:\/\/zonaroja.com.mx\/index.php?rest_route=%2Fwp%2Fv2%2Ftags&post=3266"}],"curies":[{"name":"wp","href":"https:\/\/api.w.org\/{rel}","templated":true}]}}