{"id":32670,"date":"2021-10-01T22:07:17","date_gmt":"2021-10-02T03:07:17","guid":{"rendered":"http:\/\/www.zonaroja.com.mx\/?p=32670"},"modified":"2021-10-01T22:07:20","modified_gmt":"2021-10-02T03:07:20","slug":"investiga-la-cndh-actos-de-tortura-contra-detenidos-en-asuncion-nochixtlan","status":"publish","type":"post","link":"https:\/\/zonaroja.com.mx\/?p=32670","title":{"rendered":"Investiga la CNDH actos de tortura contra detenidos en Asunci\u00f3n Nochixtl\u00e1n"},"content":{"rendered":"\n<p>Redacci\u00f3n\/Zona Roja.<\/p>\n\n\n\n<p>Oaxaca de Ju\u00e1rez, Oax., 1 de octubre de 2021.- En cumplimiento del acuerdo emitido el 18 de marzo de 2020 por la presidenta de la Comisi\u00f3n Nacional de Derechos Humanos (CNDH), Rosario Piedra Ibarra, que ordena la reapertura de aquellos expedientes de queja en los que exista una inconformidad o reclamo de la parte quejosa o agraviada sobre el tr\u00e1mite que se dio a su expediente formul\u00f3 el Informe Diagn\u00f3stico sobre los sucesos de Asunci\u00f3n Nochixtl\u00e1n 2016: Recomendaci\u00f3n 7VG\/2017, el organismo abri\u00f3 una indagatoria por posibles actos de tortura.<\/p>\n\n\n\n<p>En un comunicado, inform\u00f3 que como parte de su compromiso, la CNDH, con base en el Informe Diagn\u00f3stico sobre los sucesos de Asunci\u00f3n Nochixtl\u00e1n 2016: Recomendaci\u00f3n 7VG\/2017. Un camino para la reparaci\u00f3n integral, realiza la apertura de una nueva queja por actos de tortura en contra de las personas detenidas en el pante\u00f3n municipal de Asunci\u00f3n Nochixtl\u00e1n, las cuales no denunciaron en su momento los actos de tortura dado el hecho victimizante y estr\u00e9s postraum\u00e1tico que tanto las personas en situaci\u00f3n de v\u00edctimas como sus familias sufrieron a ra\u00edz de los sucesos del 19 de junio de 2016.<\/p>\n\n\n\n<p>En este sentido la CNDH reitera el llamado a las autoridades federales, estatales y municipales a atender integralmente la Recomendaci\u00f3n 7VG\/2017 por los hechos de violencia en Asunci\u00f3n Nochixtl\u00e1n, San Pablo Huitzo y Tlaxiaco en Oaxaca.<\/p>\n\n\n\n<p>De igual forma, realiza gestiones con diferentes actores de interlocuci\u00f3n para proveer un proceso de di\u00e1logo que permita la b\u00fasqueda de una soluci\u00f3n que ratifique la convicci\u00f3n sobre la necesidad de que el debido cumplimiento y aplicaci\u00f3n de la ley sea la pauta que rija efectivamente las relaciones entre la sociedad.<\/p>\n","protected":false},"excerpt":{"rendered":"<p>Redacci\u00f3n\/Zona Roja. Oaxaca de Ju\u00e1rez, Oax., 1 de octubre de 2021.- En cumplimiento del acuerdo&hellip;<\/p>\n","protected":false},"author":2,"featured_media":28768,"comment_status":"closed","ping_status":"open","sticky":false,"template":"","format":"standard","meta":{"_lmt_disableupdate":"","_lmt_disable":"","_jetpack_memberships_contains_paid_content":false,"footnotes":""},"categories":[109,47],"tags":[974],"class_list":["post-32670","post","type-post","status-publish","format-standard","has-post-thumbnail","hentry","category-minuto-a-minuto","category-zona-gris","tag-cndh-comision-nacional-de-derechos-humanos"],"jetpack_featured_media_url":"https:\/\/zonaroja.com.mx\/wp-content\/uploads\/2021\/06\/Victimas-Nochixtlan.jpg","jetpack_sharing_enabled":true,"_links":{"self":[{"href":"https:\/\/zonaroja.com.mx\/index.php?rest_route=\/wp\/v2\/posts\/32670","targetHints":{"allow":["GET"]}}],"collection":[{"href":"https:\/\/zonaroja.com.mx\/index.php?rest_route=\/wp\/v2\/posts"}],"about":[{"href":"https:\/\/zonaroja.com.mx\/index.php?rest_route=\/wp\/v2\/types\/post"}],"author":[{"embeddable":true,"href":"https:\/\/zonaroja.com.mx\/index.php?rest_route=\/wp\/v2\/users\/2"}],"replies":[{"embeddable":true,"href":"https:\/\/zonaroja.com.mx\/index.php?rest_route=%2Fwp%2Fv2%2Fcomments&post=32670"}],"version-history":[{"count":1,"href":"https:\/\/zonaroja.com.mx\/index.php?rest_route=\/wp\/v2\/posts\/32670\/revisions"}],"predecessor-version":[{"id":32671,"href":"https:\/\/zonaroja.com.mx\/index.php?rest_route=\/wp\/v2\/posts\/32670\/revisions\/32671"}],"wp:featuredmedia":[{"embeddable":true,"href":"https:\/\/zonaroja.com.mx\/index.php?rest_route=\/wp\/v2\/media\/28768"}],"wp:attachment":[{"href":"https:\/\/zonaroja.com.mx\/index.php?rest_route=%2Fwp%2Fv2%2Fmedia&parent=32670"}],"wp:term":[{"taxonomy":"category","embeddable":true,"href":"https:\/\/zonaroja.com.mx\/index.php?rest_route=%2Fwp%2Fv2%2Fcategories&post=32670"},{"taxonomy":"post_tag","embeddable":true,"href":"https:\/\/zonaroja.com.mx\/index.php?rest_route=%2Fwp%2Fv2%2Ftags&post=32670"}],"curies":[{"name":"wp","href":"https:\/\/api.w.org\/{rel}","templated":true}]}}