{"id":32675,"date":"2021-10-02T07:41:21","date_gmt":"2021-10-02T12:41:21","guid":{"rendered":"http:\/\/www.zonaroja.com.mx\/?p=32675"},"modified":"2021-10-02T07:41:24","modified_gmt":"2021-10-02T12:41:24","slug":"conflictos-familiares-pueden-solucionarse-a-traves-del-dialogo-y-la-justicia-alternativa","status":"publish","type":"post","link":"https:\/\/zonaroja.com.mx\/?p=32675","title":{"rendered":"Conflictos familiares pueden solucionarse a trav\u00e9s del di\u00e1logo y la justicia alternativa"},"content":{"rendered":"\n<p>Redacci\u00f3n\/Zona Roja.<\/p>\n\n\n\n<p>Oaxaca de Ju\u00e1rez, Oax., 2 de octubre de 2021.- Con el tema Retos del Derecho de Familia, el Poder Judicial del Estado realiz\u00f3 el segundo Foro virtual \u201cVisi\u00f3n Humana de la Justicia\u201d, que cont\u00f3 con la participaci\u00f3n del Magistrado Sergio Valls Esponda, director general del Centro Estatal de Mediaci\u00f3n, Conciliaci\u00f3n y Justicia Restaurativa del Estado de M\u00e9xico y la maestra Luc\u00eda Rodr\u00edguez Quintero, facilitadora de la coordinaci\u00f3n del Programa sobre Asuntos de la Ni\u00f1ez y Familia de la Comisi\u00f3n Nacional de Derechos Humanos (CNDH).<\/p>\n\n\n\n<p>Los especialistas coincidieron en la necesidad de promover la justicia alternativa como una v\u00eda para llegar a la soluci\u00f3n de los diferentes problemas que se presentan en la vida cotidiana, entre ellos los del \u00e1mbito familiar, de una forma m\u00e1s r\u00e1pida, accesible, pronta y expedita, sin necesidad de acudir a los tribunales.<\/p>\n\n\n\n<p>En el conversatorio, donde intervino como moderador el periodista Marcelino Silva Gonz\u00e1lez, se destacaron los retos que se enfrenta la justicia en aspectos de la materia familiar, el Inter\u00e9s Superior del Ni\u00f1o, Ni\u00f1a o Adolescente y los alcances de la justicia alternativa como el m\u00e9todo para la atenci\u00f3n de conflictos de esta \u00edndole, que por la situaci\u00f3n de la pandemia por Covid-19 se han agudizado.<\/p>\n\n\n\n<p>Entre estos, mencionaron los divorcios, agresiones y situaciones que ponen en riesgo principalmente a grupos vulnerados como las mujeres, ni\u00f1as, ni\u00f1os adultos mayores y personas con discapacidad, lo que implica un reto que atender.<\/p>\n\n\n\n<p>Al respecto, la maestra Rodr\u00edguez Quintero indic\u00f3 que en los conflictos que se presentan al interior de las familias deben reconocerse los derechos de cada uno de los integrantes y generar programas preventivos para evitar que lleguen a niveles de violencia. \u201cComo servidoras y servidores p\u00fablicos debemos seguir trabajando en el reconocimiento y respeto a las diferencias dentro de la igualdad y esto, dentro de la familia, tiene un impacto sumamente importante\u201d, dijo.<\/p>\n\n\n\n<p>Por su parte, el magistrado Valls Esponda manifest\u00f3 que hace falta avanzar en la visi\u00f3n humana de la justicia y darle m\u00e1s voz a las personas que buscan sentirse escuchadas. \u201cLo importante no es el juez que tiene la \u00faltima palabra sino el que tiene la primera escucha, porque ah\u00ed muchas veces se resuelve el problema\u201d, enfatiz\u00f3.<\/p>\n\n\n\n<p>Adem\u00e1s, puntualiz\u00f3 que en el Poder Judicial del Estado de M\u00e9xico, las funciones se rigen bajo una visi\u00f3n profamilia y se han incorporado medidas de conciliaci\u00f3n y de justicia restaurativa al derecho familiar, al igual que como se ha hecho en el modelo penal, para lograr acuerdos reparatorios promoviendo el di\u00e1logo.<\/p>\n\n\n\n<p>El foro completo que organizan de manera conjunta el Centro de Justicia Alternativa, la Direcci\u00f3n de Derechos Humanos del Consejo de la Judicatura y la Coordinaci\u00f3n de Comunicaci\u00f3n Social del Tribunal Superior de Justicia, se encuentra disponible para consulta en las plataformas Facebook: https:\/\/www.facebook.com\/TSJOAX o Tw @tsjoaxaca. El tercer y \u00faltimo foro se realizar\u00e1 el 25 de octubre con el tema Violencia familiar.<\/p>\n","protected":false},"excerpt":{"rendered":"<p>Redacci\u00f3n\/Zona Roja. Oaxaca de Ju\u00e1rez, Oax., 2 de octubre de 2021.- Con el tema Retos&hellip;<\/p>\n","protected":false},"author":2,"featured_media":32676,"comment_status":"closed","ping_status":"open","sticky":false,"template":"","format":"standard","meta":{"_lmt_disableupdate":"","_lmt_disable":"","_jetpack_memberships_contains_paid_content":false,"footnotes":""},"categories":[109,46],"tags":[223],"class_list":["post-32675","post","type-post","status-publish","format-standard","has-post-thumbnail","hentry","category-minuto-a-minuto","category-zona-blanca","tag-poder-judicial-de-oaxaca"],"jetpack_featured_media_url":"https:\/\/zonaroja.com.mx\/wp-content\/uploads\/2021\/10\/Se-realizo-segundo-foro-virtual-Vision-Humana-de-la-Justicia.jpg","jetpack_sharing_enabled":true,"_links":{"self":[{"href":"https:\/\/zonaroja.com.mx\/index.php?rest_route=\/wp\/v2\/posts\/32675","targetHints":{"allow":["GET"]}}],"collection":[{"href":"https:\/\/zonaroja.com.mx\/index.php?rest_route=\/wp\/v2\/posts"}],"about":[{"href":"https:\/\/zonaroja.com.mx\/index.php?rest_route=\/wp\/v2\/types\/post"}],"author":[{"embeddable":true,"href":"https:\/\/zonaroja.com.mx\/index.php?rest_route=\/wp\/v2\/users\/2"}],"replies":[{"embeddable":true,"href":"https:\/\/zonaroja.com.mx\/index.php?rest_route=%2Fwp%2Fv2%2Fcomments&post=32675"}],"version-history":[{"count":1,"href":"https:\/\/zonaroja.com.mx\/index.php?rest_route=\/wp\/v2\/posts\/32675\/revisions"}],"predecessor-version":[{"id":32677,"href":"https:\/\/zonaroja.com.mx\/index.php?rest_route=\/wp\/v2\/posts\/32675\/revisions\/32677"}],"wp:featuredmedia":[{"embeddable":true,"href":"https:\/\/zonaroja.com.mx\/index.php?rest_route=\/wp\/v2\/media\/32676"}],"wp:attachment":[{"href":"https:\/\/zonaroja.com.mx\/index.php?rest_route=%2Fwp%2Fv2%2Fmedia&parent=32675"}],"wp:term":[{"taxonomy":"category","embeddable":true,"href":"https:\/\/zonaroja.com.mx\/index.php?rest_route=%2Fwp%2Fv2%2Fcategories&post=32675"},{"taxonomy":"post_tag","embeddable":true,"href":"https:\/\/zonaroja.com.mx\/index.php?rest_route=%2Fwp%2Fv2%2Ftags&post=32675"}],"curies":[{"name":"wp","href":"https:\/\/api.w.org\/{rel}","templated":true}]}}