{"id":32681,"date":"2021-10-02T07:58:13","date_gmt":"2021-10-02T12:58:13","guid":{"rendered":"http:\/\/www.zonaroja.com.mx\/?p=32681"},"modified":"2021-10-02T07:58:18","modified_gmt":"2021-10-02T12:58:18","slug":"sentencian-a-54-anos-a-pareja-que-violo-tumultuariamente-a-una-nina-en-oaxaca","status":"publish","type":"post","link":"https:\/\/zonaroja.com.mx\/?p=32681","title":{"rendered":"Sentencian a 54 a\u00f1os a pareja que viol\u00f3 tumultuariamente a una ni\u00f1a en Oaxaca"},"content":{"rendered":"\n<p>Redacci\u00f3n\/Zona Roja.<\/p>\n\n\n\n<p>Oaxaca de Ju\u00e1rez, Oax., 1 de octubre de 2021.- La Fiscal\u00eda General del Estado de Oaxaca (FGEO) obtuvo sentencia condenatoria de 54 a\u00f1os de prisi\u00f3n contra dos personas, identificadas como M. A. L. C. (Mar\u00eda) y D. M. T. (Dar\u00edo), responsables del delito de violaci\u00f3n tumultuaria agravada en contra de una ni\u00f1a de 11 a\u00f1os, cometido en jurisdicci\u00f3n de San Juan Bautista Tuxtepec, en la regi\u00f3n de la Cuenca del Papaloapan.<\/p>\n\n\n\n<p>De acuerdo con la carpeta de investigaci\u00f3n 2871\/FTUXM\/2018, en diferentes fechas de los meses de enero y julio de 2018, el imputado D. M. T. agredi\u00f3 de manera sexual a la v\u00edctima, con el consentimiento y cooperaci\u00f3n de su pareja, M. A. L. C. (abuela de la ni\u00f1a), cuando se encontraba en su domicilio particular, ubicado en la localidad de Mata de Ca\u00f1a, perteneciente al municipio de Tuxtepec.<\/p>\n\n\n\n<p>Ante estos hechos y tras la denuncia presentada, la Instituci\u00f3n de procuraci\u00f3n de justicia inici\u00f3 las indagatorias correspondientes -a trav\u00e9s de la Vicefiscal\u00eda Regional de la Cuenca-, ejecutando orden de aprehensi\u00f3n contra los imputados, present\u00e1ndolos ante el Juez de la causa, quien determin\u00f3 vincularlos a proceso.<\/p>\n\n\n\n<p>En audiencia, el Tribunal de Enjuiciamiento dict\u00f3 sentencia condenatoria contra ambos imputados, imponi\u00e9ndoles la pena de 54 a\u00f1os de prisi\u00f3n y ordenando el pago de m\u00e1s de 240 mil pesos por concepto de reparaci\u00f3n del da\u00f1o.<\/p>\n\n\n\n<p>(Comunicado)<\/p>\n","protected":false},"excerpt":{"rendered":"<p>Redacci\u00f3n\/Zona Roja. Oaxaca de Ju\u00e1rez, Oax., 1 de octubre de 2021.- La Fiscal\u00eda General del&hellip;<\/p>\n","protected":false},"author":2,"featured_media":30721,"comment_status":"closed","ping_status":"open","sticky":false,"template":"","format":"standard","meta":{"_lmt_disableupdate":"","_lmt_disable":"","_jetpack_memberships_contains_paid_content":false,"footnotes":""},"categories":[109,47],"tags":[494],"class_list":["post-32681","post","type-post","status-publish","format-standard","has-post-thumbnail","hentry","category-minuto-a-minuto","category-zona-gris","tag-fiscalia-general-del-estado-de-oaxaca"],"jetpack_featured_media_url":"https:\/\/zonaroja.com.mx\/wp-content\/uploads\/2021\/08\/Prision-carcel-3.jpg","jetpack_sharing_enabled":true,"_links":{"self":[{"href":"https:\/\/zonaroja.com.mx\/index.php?rest_route=\/wp\/v2\/posts\/32681","targetHints":{"allow":["GET"]}}],"collection":[{"href":"https:\/\/zonaroja.com.mx\/index.php?rest_route=\/wp\/v2\/posts"}],"about":[{"href":"https:\/\/zonaroja.com.mx\/index.php?rest_route=\/wp\/v2\/types\/post"}],"author":[{"embeddable":true,"href":"https:\/\/zonaroja.com.mx\/index.php?rest_route=\/wp\/v2\/users\/2"}],"replies":[{"embeddable":true,"href":"https:\/\/zonaroja.com.mx\/index.php?rest_route=%2Fwp%2Fv2%2Fcomments&post=32681"}],"version-history":[{"count":1,"href":"https:\/\/zonaroja.com.mx\/index.php?rest_route=\/wp\/v2\/posts\/32681\/revisions"}],"predecessor-version":[{"id":32682,"href":"https:\/\/zonaroja.com.mx\/index.php?rest_route=\/wp\/v2\/posts\/32681\/revisions\/32682"}],"wp:featuredmedia":[{"embeddable":true,"href":"https:\/\/zonaroja.com.mx\/index.php?rest_route=\/wp\/v2\/media\/30721"}],"wp:attachment":[{"href":"https:\/\/zonaroja.com.mx\/index.php?rest_route=%2Fwp%2Fv2%2Fmedia&parent=32681"}],"wp:term":[{"taxonomy":"category","embeddable":true,"href":"https:\/\/zonaroja.com.mx\/index.php?rest_route=%2Fwp%2Fv2%2Fcategories&post=32681"},{"taxonomy":"post_tag","embeddable":true,"href":"https:\/\/zonaroja.com.mx\/index.php?rest_route=%2Fwp%2Fv2%2Ftags&post=32681"}],"curies":[{"name":"wp","href":"https:\/\/api.w.org\/{rel}","templated":true}]}}