{"id":32683,"date":"2021-10-02T12:36:39","date_gmt":"2021-10-02T17:36:39","guid":{"rendered":"http:\/\/www.zonaroja.com.mx\/?p=32683"},"modified":"2021-10-02T12:36:53","modified_gmt":"2021-10-02T17:36:53","slug":"exhortan-a-sinfra-consultar-obra-y-parar-ecocidio-en-simbolos-patrios","status":"publish","type":"post","link":"https:\/\/zonaroja.com.mx\/?p=32683","title":{"rendered":"Exhortan a Sinfra consultar obra y parar ecocidio en S\u00edmbolos Patrios"},"content":{"rendered":"\n<p>Evlin Arag\u00f3n\/Zona Roja.<\/p>\n\n\n\n<p>Oaxaca de Ju\u00e1rez, Oax., 2 de octubre de 2021.- Con 31 votos a favor y en el marco de la \u00faltima sesi\u00f3n ordinaria de la 64 Legislatura, el pleno del Congreso local aprob\u00f3 un exhorto a la Secretar\u00eda de las Infraestructuras y el Ordenamiento Territorial (Sinfra) para que lleve a cabo la consulta ciudadana por la obra que ya dio inicio en la avenida S\u00edmbolos Patrios y ponga fin al ecocidio.&nbsp;&nbsp;<\/p>\n\n\n\n<p>Lo anterior a iniciativa del diputado local por Morena, C\u00e9sar Morales Ni\u00f1o, quien refiri\u00f3 que el da\u00f1o al medioambiente ya inici\u00f3 y no s\u00f3lo afectar\u00e1 a quienes habitan en la zona, sino a todo el mundo, toda vez que el derribo de \u00e1rboles representa un da\u00f1o irreversible.&nbsp;<\/p>\n\n\n\n<p>\u201cEl ecocidio en la avenida S\u00edmbolos Patrios ya comenz\u00f3. Comenz\u00f3 con el derribo de \u00e1rboles a la altura de un centro comercial y una gasolinera. Este ecocidio se ha extendido a la zona de la Central de Abasto con las obras del Citybus\u201d, refiri\u00f3 en tribuna el legislador.&nbsp;<\/p>\n\n\n\n<p>Morales Ni\u00f1o detall\u00f3 que es indispensable la consulta a la comunidad por parte de las autoridades, previo a la realizaci\u00f3n de una obra, ya que hasta el momento a\u00fan no se conocer a profundidad el proyecto de modernizaci\u00f3n de la avenida S\u00edmbolos Patrios.&nbsp;&nbsp;<\/p>\n\n\n\n<p>Incluso el gobernador de Oaxaca, Alejandro Murat Hinojosa, quien recientemente lanz\u00f3 un video anunciando el inicio de la obra, \u00fanicamente refiri\u00f3 que tendr\u00e1 una ciclopista y una parte peatonal, sin dar una explicaci\u00f3n precisa de las implicaciones del proyecto.\u00a0\u00a0\u00a0<\/p>\n\n\n\n<figure class=\"wp-block-embed-twitter wp-block-embed is-type-rich is-provider-twitter\"><div class=\"wp-block-embed__wrapper\">\n<div class=\"twitter-tweet\"><blockquote class=\"twitter-tweet\" data-lang=\"es\"><p lang=\"es\" dir=\"ltr\">Este jueves, el <a href=\"https:\/\/twitter.com\/CongresoOaxLXIV?ref_src=twsrc%5Etfw\">@CongresoOaxLXIV<\/a> aprob\u00f3 un exhorto, promovido por el diputado de Morena, <a href=\"https:\/\/twitter.com\/cesarmoralesn?ref_src=twsrc%5Etfw\">@cesarmoralesn<\/a>, para que la <a href=\"https:\/\/twitter.com\/SINFRA_GobOax?ref_src=twsrc%5Etfw\">@SINFRA_GobOax<\/a> evite el ecocidio en obras de la avenida S\u00edmbolos Patrios y para que consense con pobladores el proyecto del Libramiento Sur. <a href=\"https:\/\/t.co\/sVlO8NHpHy\">pic.twitter.com\/sVlO8NHpHy<\/a><\/p>&mdash; Zona Roja Oaxaca (@Zona_Roja_Oax) <a href=\"https:\/\/twitter.com\/Zona_Roja_Oax\/status\/1444023166460960769?ref_src=twsrc%5Etfw\">1 de octubre de 2021<\/a><\/blockquote><\/div>\n<\/div><\/figure>\n\n\n\n<p>\u201cNo se da una explicaci\u00f3n precisa de en qu\u00e9 consiste el proyecto de ah\u00ed la importancia de este exhorto para que se informe y se consulte a las vecinas y vecinos de estos lugares sobre la obra\u201d, dijo.&nbsp;&nbsp;&nbsp;<\/p>\n\n\n\n<p>Misma situaci\u00f3n que se vive en la obra del Libramiento Sur, la cual cuenta con poca informaci\u00f3n, raz\u00f3n por la corre mayor riesgo de ser cancelada debido a que incluye afectaciones a comunidades ind\u00edgenas protegidas por la ley, quienes podr\u00edan impedir la realizaci\u00f3n de lo trabajo y el desperdicio de la inversi\u00f3n.&nbsp;&nbsp;&nbsp;&nbsp;<\/p>\n\n\n\n<p>Finalmente, el legislador lament\u00f3 que el funcionariado p\u00fablico al frente de Sinfra, que encabeza Enrique Lazcano Vargas, no se d\u00e9 cuenta que el problema del medioambiente es global y que tambi\u00e9n los afectar\u00e1 en alg\u00fan momento; a la par que record\u00f3 que no est\u00e1n en contra de las obras de infraestructura, sin embargo, est\u00e1s deben ser consultada y aprobadas por la poblaci\u00f3n.&nbsp;&nbsp;<\/p>\n\n\n\n<p>Apenas a inicios del mes de septiembre, activistas en defensa del medioambiente celebraron la resoluci\u00f3n emitida por un juez del Poder Judicial Federal que suspende de manera temporal la obra de ampliaci\u00f3n de la avenida S\u00edmbolos Patrios, sin embargo, en estos momentos la obra ya est\u00e1 en curso.&nbsp;<\/p>\n","protected":false},"excerpt":{"rendered":"<p>Evlin Arag\u00f3n\/Zona Roja. Oaxaca de Ju\u00e1rez, Oax., 2 de octubre de 2021.- Con 31 votos&hellip;<\/p>\n","protected":false},"author":2,"featured_media":32684,"comment_status":"closed","ping_status":"open","sticky":false,"template":"","format":"standard","meta":{"_lmt_disableupdate":"","_lmt_disable":"","_jetpack_memberships_contains_paid_content":false,"footnotes":""},"categories":[109,46],"tags":[612],"class_list":["post-32683","post","type-post","status-publish","format-standard","has-post-thumbnail","hentry","category-minuto-a-minuto","category-zona-blanca","tag-cesar-morales-nino"],"jetpack_featured_media_url":"https:\/\/zonaroja.com.mx\/wp-content\/uploads\/2021\/10\/Cesar-Morales-Nino.jpg","jetpack_sharing_enabled":true,"_links":{"self":[{"href":"https:\/\/zonaroja.com.mx\/index.php?rest_route=\/wp\/v2\/posts\/32683","targetHints":{"allow":["GET"]}}],"collection":[{"href":"https:\/\/zonaroja.com.mx\/index.php?rest_route=\/wp\/v2\/posts"}],"about":[{"href":"https:\/\/zonaroja.com.mx\/index.php?rest_route=\/wp\/v2\/types\/post"}],"author":[{"embeddable":true,"href":"https:\/\/zonaroja.com.mx\/index.php?rest_route=\/wp\/v2\/users\/2"}],"replies":[{"embeddable":true,"href":"https:\/\/zonaroja.com.mx\/index.php?rest_route=%2Fwp%2Fv2%2Fcomments&post=32683"}],"version-history":[{"count":2,"href":"https:\/\/zonaroja.com.mx\/index.php?rest_route=\/wp\/v2\/posts\/32683\/revisions"}],"predecessor-version":[{"id":32686,"href":"https:\/\/zonaroja.com.mx\/index.php?rest_route=\/wp\/v2\/posts\/32683\/revisions\/32686"}],"wp:featuredmedia":[{"embeddable":true,"href":"https:\/\/zonaroja.com.mx\/index.php?rest_route=\/wp\/v2\/media\/32684"}],"wp:attachment":[{"href":"https:\/\/zonaroja.com.mx\/index.php?rest_route=%2Fwp%2Fv2%2Fmedia&parent=32683"}],"wp:term":[{"taxonomy":"category","embeddable":true,"href":"https:\/\/zonaroja.com.mx\/index.php?rest_route=%2Fwp%2Fv2%2Fcategories&post=32683"},{"taxonomy":"post_tag","embeddable":true,"href":"https:\/\/zonaroja.com.mx\/index.php?rest_route=%2Fwp%2Fv2%2Ftags&post=32683"}],"curies":[{"name":"wp","href":"https:\/\/api.w.org\/{rel}","templated":true}]}}